{"id":19600,"date":"2016-01-28T09:19:17","date_gmt":"2016-01-28T12:19:17","guid":{"rendered":"https:\/\/ocorreionews.com.br\/?p=19600"},"modified":"2016-01-28T09:19:17","modified_gmt":"2016-01-28T12:19:17","slug":"produtores-rurais-participaram-de-palestra-sobre-o-car-em-paraiso-das-aguas","status":"publish","type":"post","link":"https:\/\/www.ocorreionews.com.br\/acervo-correio\/?p=19600","title":{"rendered":"Produtores Rurais participaram de palestra sobre o CAR em Para\u00edso das \u00c1guas"},"content":{"rendered":"<p>A Prefeitura Municipal de Para\u00edso das \u00c1guas, atrav\u00e9s da Secretaria Municipal de Planejamento e Fomento ao Desenvolvimento e IMASUL- Instituto de Meio Ambiente de Mato Grosso do Sul realizou na tarde de ontem, dia 27 de janeiro na C\u00e2mara Municipal uma palestra sobre o Cadastro Ambiental Rural- CAR- MS.<\/p>\n<p>Presentes no evento estavam: o Prefeito de Para\u00edso das \u00c1guas Ivan da Cruz Pereira(Xixi), o Vice Prefeito Ocesino Alves de Oliveira, os secret\u00e1rios municipais Wilson Matheus, \u00a0Ildo Furtado, Daniel Greggio e os vereadores Antonio Luiz Soares(Tuta), An\u00edzio Sobrinho de Andrade, Celso Cunha e Roberto Carlos.<\/p>\n<p>O Prefeito Ivan Xixi agradeceu ao governo do Estado por ter disponibilizado uma equipe para estar vindo ao munic\u00edpio fazer as orienta\u00e7\u00f5es sobre o cadastramento.<a href=\"https:\/\/ocorreionews.com.br\/wp-content\/uploads\/2016\/01\/palestra-CAR-Paraiso-3.jpg\" rel=\"attachment wp-att-19602\"><img loading=\"lazy\" decoding=\"async\" class=\"size-medium wp-image-19602 alignright\" src=\"https:\/\/ocorreionews.com.br\/wp-content\/uploads\/2016\/01\/palestra-CAR-Paraiso-3-300x199.jpg\" alt=\"palestra CAR Paraiso 3\" width=\"300\" height=\"199\" srcset=\"https:\/\/www.ocorreionews.com.br\/acervo-correio\/wp-content\/uploads\/2016\/01\/palestra-CAR-Paraiso-3-300x199.jpg 300w, https:\/\/www.ocorreionews.com.br\/acervo-correio\/wp-content\/uploads\/2016\/01\/palestra-CAR-Paraiso-3.jpg 604w\" sizes=\"auto, (max-width: 300px) 100vw, 300px\" \/><\/a><\/p>\n<p>\u201cQuero agradecer a todos os \u00f3rg\u00e3os p\u00fablicos estaduais pelo carinho que sempre tiveram conosco e dizer que palestras como esta s\u00e3o muito importantes principalmente para os produtores rurais que podem obter mais informa\u00e7\u00f5es \u00a0a respeito do cadastramento. Obrigada ao governo do Estado pela parceria\u201d mencionou o chefe do executivo Ivan da Cruz Pereira.<\/p>\n<p>A palestra foi ministrada pelo engenheiro agr\u00f4nomo, Sidney Kocky que abordou temas sobre a obrigatoriedade do CAR, seus benef\u00edcios e esclareceu duvida dos presentes sobre o cadastramento e como faze-lo.<\/p>\n<p>\u201cNosso objetivo \u00e9 que at\u00e9 o dia 05 de maio, prazo final para o cadastramento ambiental rural, 100% das propriedades rurais estejam cadastradas\u201d mencionou o engenheiro agr\u00f4nomo.<\/p>\n<p>O CAR \u00e9 um registro eletr\u00f4nico obrigat\u00f3rio para todos os im\u00f3veis rurais e, tem o objetivo de integrar as informa\u00e7\u00f5es ambientais referentes \u00e0 situa\u00e7\u00e3o das \u00c1reas de Preserva\u00e7\u00e3o Permanente-APP, das \u00e1reas de Reserva Legal, dos remanescentes de vegeta\u00e7\u00e3o nativa, das \u00c1reas de Uso Restrito e das \u00e1reas consolidadas das propriedades e posses rurais do pa\u00eds.<\/p>\n<p>O CAR foi criado no \u00e2mbito do Sistema Nacional de Informa\u00e7\u00f5es sobre Meio Ambiente, pela Lei n\u00famero 12.651\/2012 e \u00e9 composto de dados \u00a0estrat\u00e9gicos para o controle, monitoramento e combate ao desmatamento das florestas e demais formas de vegeta\u00e7\u00e3o que s\u00e3o nativas do Brasil, bem como para planejamento ambiental e econ\u00f4mico dos im\u00f3veis rurais.<\/p>\n<p>O prazo para o Cadastramento Ambiental Rural vai\u00a0 at\u00e9 o dia 05 de maio de 2016.<\/p>\n<p><a href=\"https:\/\/ocorreionews.com.br\/wp-content\/uploads\/2016\/01\/palestra-CAR-Paraiso-2.jpg\" rel=\"attachment wp-att-19601\"><img loading=\"lazy\" decoding=\"async\" class=\"alignnone wp-image-19601 size-full\" src=\"https:\/\/ocorreionews.com.br\/wp-content\/uploads\/2016\/01\/palestra-CAR-Paraiso-2.jpg\" alt=\"palestra CAR Paraiso 2\" width=\"604\" height=\"400\" srcset=\"https:\/\/www.ocorreionews.com.br\/acervo-correio\/wp-content\/uploads\/2016\/01\/palestra-CAR-Paraiso-2.jpg 604w, https:\/\/www.ocorreionews.com.br\/acervo-correio\/wp-content\/uploads\/2016\/01\/palestra-CAR-Paraiso-2-300x199.jpg 300w\" sizes=\"auto, (max-width: 604px) 100vw, 604px\" \/><\/a><\/p>\n<p>ASSECOM- Prefeitura Municipal de Para\u00edso das \u00c1guas- MS<\/p>\n","protected":false},"excerpt":{"rendered":"<p>A Prefeitura Municipal de Para\u00edso das \u00c1guas, atrav\u00e9s da Secretaria Municipal de Planejamento e Fomento ao Desenvolvimento e IMASUL- Instituto de Meio Ambiente de Mato Grosso do Sul realizou na tarde de ontem, dia 27 de janeiro na C\u00e2mara Municipal uma palestra sobre o Cadastro Ambiental Rural- CAR- MS. Presentes no evento estavam: o Prefeito [&hellip;]<\/p>\n","protected":false},"author":4,"featured_media":19603,"comment_status":"closed","ping_status":"closed","sticky":false,"template":"","format":"standard","meta":{"footnotes":""},"categories":[36],"tags":[],"class_list":["post-19600","post","type-post","status-publish","format-standard","has-post-thumbnail","hentry","category-paraiso-das-aguas"],"_links":{"self":[{"href":"https:\/\/www.ocorreionews.com.br\/acervo-correio\/index.php?rest_route=\/wp\/v2\/posts\/19600","targetHints":{"allow":["GET"]}}],"collection":[{"href":"https:\/\/www.ocorreionews.com.br\/acervo-correio\/index.php?rest_route=\/wp\/v2\/posts"}],"about":[{"href":"https:\/\/www.ocorreionews.com.br\/acervo-correio\/index.php?rest_route=\/wp\/v2\/types\/post"}],"author":[{"embeddable":true,"href":"https:\/\/www.ocorreionews.com.br\/acervo-correio\/index.php?rest_route=\/wp\/v2\/users\/4"}],"replies":[{"embeddable":true,"href":"https:\/\/www.ocorreionews.com.br\/acervo-correio\/index.php?rest_route=%2Fwp%2Fv2%2Fcomments&post=19600"}],"version-history":[{"count":0,"href":"https:\/\/www.ocorreionews.com.br\/acervo-correio\/index.php?rest_route=\/wp\/v2\/posts\/19600\/revisions"}],"wp:featuredmedia":[{"embeddable":true,"href":"https:\/\/www.ocorreionews.com.br\/acervo-correio\/index.php?rest_route=\/wp\/v2\/media\/19603"}],"wp:attachment":[{"href":"https:\/\/www.ocorreionews.com.br\/acervo-correio\/index.php?rest_route=%2Fwp%2Fv2%2Fmedia&parent=19600"}],"wp:term":[{"taxonomy":"category","embeddable":true,"href":"https:\/\/www.ocorreionews.com.br\/acervo-correio\/index.php?rest_route=%2Fwp%2Fv2%2Fcategories&post=19600"},{"taxonomy":"post_tag","embeddable":true,"href":"https:\/\/www.ocorreionews.com.br\/acervo-correio\/index.php?rest_route=%2Fwp%2Fv2%2Ftags&post=19600"}],"curies":[{"name":"wp","href":"https:\/\/api.w.org\/{rel}","templated":true}]}}