{"id":196066,"date":"2022-01-19T07:57:06","date_gmt":"2022-01-19T11:57:06","guid":{"rendered":"https:\/\/www.ocorreionews.com.br\/acervo-correio\/?p=196066"},"modified":"2022-01-19T08:38:23","modified_gmt":"2022-01-19T12:38:23","slug":"o-ex-vereador-do-municipio-de-figuierao-distante-255-km-da-capital-campo-grande-idevaldo-pina73-anos-faleceu-ontem-18-na-cidade-de-campo-grande-ele-estava-internado-no-hospital-cassems-da-capi","status":"publish","type":"post","link":"https:\/\/www.ocorreionews.com.br\/acervo-correio\/?p=196066","title":{"rendered":"Ex vereador de Figueir\u00e3o morre vitima da Covid-19"},"content":{"rendered":"<p>O ex-vereador do munic\u00edpio de Figueir\u00e3o,\u00a0 Idevaldo Pina,73 anos, faleceu ontem (18), na cidade de Campo Grande. Ele estava internado no Hospital Cassems da capital.<\/p>\n<p>Idevaldo, que tamb\u00e9m foi secret\u00e1rio de Obras do munic\u00edpio, passou mal e foi transferido para a capital do Estado, em busca de atendimento mais qualificado, mas n\u00e3o resistiu a doen\u00e7a e foi a \u00f3bito. Com a morte do ex-vereador, o munic\u00edpio de Figueir\u00e3o soma 7 mortes por Covid-19.\u00a0 Atualmente 34 pessoas est\u00e1 com o v\u00edrus naquele munic\u00edpio.<\/p>\n<p>O corpo foi\u00a0 trasladado para a cidade de Figueir\u00e3o onde foi sepultado.<\/p>\n","protected":false},"excerpt":{"rendered":"<p>O ex-vereador do munic\u00edpio de Figueir\u00e3o,\u00a0 Idevaldo Pina,73 anos, faleceu ontem (18), na cidade de Campo Grande. Ele estava internado no Hospital Cassems da capital. Idevaldo, que tamb\u00e9m foi secret\u00e1rio de Obras do munic\u00edpio, passou mal e foi transferido para a capital do Estado, em busca de atendimento mais qualificado, mas n\u00e3o resistiu a doen\u00e7a [&hellip;]<\/p>\n","protected":false},"author":4,"featured_media":196067,"comment_status":"closed","ping_status":"closed","sticky":false,"template":"","format":"standard","meta":{"footnotes":""},"categories":[30],"tags":[],"class_list":["post-196066","post","type-post","status-publish","format-standard","has-post-thumbnail","hentry","category-figueirao"],"_links":{"self":[{"href":"https:\/\/www.ocorreionews.com.br\/acervo-correio\/index.php?rest_route=\/wp\/v2\/posts\/196066","targetHints":{"allow":["GET"]}}],"collection":[{"href":"https:\/\/www.ocorreionews.com.br\/acervo-correio\/index.php?rest_route=\/wp\/v2\/posts"}],"about":[{"href":"https:\/\/www.ocorreionews.com.br\/acervo-correio\/index.php?rest_route=\/wp\/v2\/types\/post"}],"author":[{"embeddable":true,"href":"https:\/\/www.ocorreionews.com.br\/acervo-correio\/index.php?rest_route=\/wp\/v2\/users\/4"}],"replies":[{"embeddable":true,"href":"https:\/\/www.ocorreionews.com.br\/acervo-correio\/index.php?rest_route=%2Fwp%2Fv2%2Fcomments&post=196066"}],"version-history":[{"count":1,"href":"https:\/\/www.ocorreionews.com.br\/acervo-correio\/index.php?rest_route=\/wp\/v2\/posts\/196066\/revisions"}],"predecessor-version":[{"id":196085,"href":"https:\/\/www.ocorreionews.com.br\/acervo-correio\/index.php?rest_route=\/wp\/v2\/posts\/196066\/revisions\/196085"}],"wp:featuredmedia":[{"embeddable":true,"href":"https:\/\/www.ocorreionews.com.br\/acervo-correio\/index.php?rest_route=\/wp\/v2\/media\/196067"}],"wp:attachment":[{"href":"https:\/\/www.ocorreionews.com.br\/acervo-correio\/index.php?rest_route=%2Fwp%2Fv2%2Fmedia&parent=196066"}],"wp:term":[{"taxonomy":"category","embeddable":true,"href":"https:\/\/www.ocorreionews.com.br\/acervo-correio\/index.php?rest_route=%2Fwp%2Fv2%2Fcategories&post=196066"},{"taxonomy":"post_tag","embeddable":true,"href":"https:\/\/www.ocorreionews.com.br\/acervo-correio\/index.php?rest_route=%2Fwp%2Fv2%2Ftags&post=196066"}],"curies":[{"name":"wp","href":"https:\/\/api.w.org\/{rel}","templated":true}]}}