{"id":19623,"date":"2016-01-28T12:39:21","date_gmt":"2016-01-28T15:39:21","guid":{"rendered":"https:\/\/ocorreionews.com.br\/?p=19623"},"modified":"2016-01-28T12:39:21","modified_gmt":"2016-01-28T15:39:21","slug":"adolescente-paraplegico-e-executado-a-tiros-na-vila-do-pequi-em-coxim","status":"publish","type":"post","link":"https:\/\/www.ocorreionews.com.br\/acervo-correio\/?p=19623","title":{"rendered":"Adolescente parapl\u00e9gico \u00e9 executado a tiros na Vila do Pequi, em Coxim"},"content":{"rendered":"<p>O adolescente Oz\u00e9ias Teixeira Vicente, de 17 anos, foi executado a tiros na manh\u00e3 desta quinta-feira (28), nos fundos de uma resid\u00eancia, localizada na rua Jatob\u00e1 na Vila do Pequi I, em Coxim. O jovem era parapl\u00e9gico, por conta de um esfaqueamento e estava sentado numa cadeira de rodas.<\/p>\n<p>A jovem E.P.S de 23 anos, contou que estava com os dois filhos e o adolescente tomando caf\u00e9 embaixo de uma \u00e1rvore, nos fundos de casa quando o autor, identificado apenas como \u201cWellitinho\u201d, chegou armado e com um capacete na cabe\u00e7a.<\/p>\n<p>Segundo a testemunha, antes de atirar o jovem disse \u201cOz\u00e9ias eu vim cobrar aquela bronca\u201d. Em seguida o autor descarregou um rev\u00f3lver na v\u00edtima e fugiu do local num GM Corsa prata, com outros tr\u00eas indiv\u00edduos que j\u00e1 o aguardavam para dar fuga.<\/p>\n<p>Alvejado com pelo menos seis tiros, o adolescente ainda chegou a ser socorrido pelo Corpo de Bombeiros e SAMU (Servi\u00e7o de Atendimento M\u00f3vel de Urg\u00eancia), mas n\u00e3o resistiu e morreu assim que deu entrada no Hospital Regional \u00c1lvaro Fontoura.<\/p>\n<p>As Pol\u00edcias Civil e Militar estiveram no local registrando o crime e seguem nas buscas para localizar os envolvidos.<\/p>\n<p>Oz\u00e9ias tinha v\u00e1rias passagens pela pol\u00edcia por suspeita de envolvimento em assaltos, tentativa de homic\u00eddio e ficou parapl\u00e9gico ap\u00f3s ser esfaqueado em novembro ao se envolver numa briga em S\u00e3o Gabriel do Oeste.<\/p>\n<div class=\"imagem_noticia center img640_480\"><a href=\"http:\/\/www.edicaoms.com.br\/uploads\/images\/noticias\/c97b43811341ebeab7f3b0abd18c887f.jpg\" data-lightbox=\"example-2\" data-title=\"Foto: Angela Bezerra\"><img decoding=\"async\" title=\"\" src=\"http:\/\/www.edicaoms.com.br\/uploads\/images\/noticias\/c97b43811341ebeab7f3b0abd18c887f.jpg\" alt=\"\" \/><\/a><\/p>\n<div class=\"foto_legenda\">Foto: Angela Bezerra<\/div>\n<div class=\"foto_legenda\">fonte edi\u00e7\u00e3odenoticias<\/div>\n<\/div>\n","protected":false},"excerpt":{"rendered":"<p>O adolescente Oz\u00e9ias Teixeira Vicente, de 17 anos, foi executado a tiros na manh\u00e3 desta quinta-feira (28), nos fundos de uma resid\u00eancia, localizada na rua Jatob\u00e1 na Vila do Pequi I, em Coxim. O jovem era parapl\u00e9gico, por conta de um esfaqueamento e estava sentado numa cadeira de rodas. A jovem E.P.S de 23 anos, [&hellip;]<\/p>\n","protected":false},"author":4,"featured_media":19624,"comment_status":"closed","ping_status":"closed","sticky":false,"template":"","format":"standard","meta":{"footnotes":""},"categories":[38],"tags":[],"class_list":["post-19623","post","type-post","status-publish","format-standard","has-post-thumbnail","hentry","category-policia"],"_links":{"self":[{"href":"https:\/\/www.ocorreionews.com.br\/acervo-correio\/index.php?rest_route=\/wp\/v2\/posts\/19623","targetHints":{"allow":["GET"]}}],"collection":[{"href":"https:\/\/www.ocorreionews.com.br\/acervo-correio\/index.php?rest_route=\/wp\/v2\/posts"}],"about":[{"href":"https:\/\/www.ocorreionews.com.br\/acervo-correio\/index.php?rest_route=\/wp\/v2\/types\/post"}],"author":[{"embeddable":true,"href":"https:\/\/www.ocorreionews.com.br\/acervo-correio\/index.php?rest_route=\/wp\/v2\/users\/4"}],"replies":[{"embeddable":true,"href":"https:\/\/www.ocorreionews.com.br\/acervo-correio\/index.php?rest_route=%2Fwp%2Fv2%2Fcomments&post=19623"}],"version-history":[{"count":0,"href":"https:\/\/www.ocorreionews.com.br\/acervo-correio\/index.php?rest_route=\/wp\/v2\/posts\/19623\/revisions"}],"wp:featuredmedia":[{"embeddable":true,"href":"https:\/\/www.ocorreionews.com.br\/acervo-correio\/index.php?rest_route=\/wp\/v2\/media\/19624"}],"wp:attachment":[{"href":"https:\/\/www.ocorreionews.com.br\/acervo-correio\/index.php?rest_route=%2Fwp%2Fv2%2Fmedia&parent=19623"}],"wp:term":[{"taxonomy":"category","embeddable":true,"href":"https:\/\/www.ocorreionews.com.br\/acervo-correio\/index.php?rest_route=%2Fwp%2Fv2%2Fcategories&post=19623"},{"taxonomy":"post_tag","embeddable":true,"href":"https:\/\/www.ocorreionews.com.br\/acervo-correio\/index.php?rest_route=%2Fwp%2Fv2%2Ftags&post=19623"}],"curies":[{"name":"wp","href":"https:\/\/api.w.org\/{rel}","templated":true}]}}