{"id":19629,"date":"2016-01-28T16:25:58","date_gmt":"2016-01-28T19:25:58","guid":{"rendered":"https:\/\/ocorreionews.com.br\/?p=19629"},"modified":"2016-01-28T16:25:58","modified_gmt":"2016-01-28T19:25:58","slug":"exclusivo-matei-para-proteger-meus-filhos-alega-jovem-que-executou-adolescente-em-coxim","status":"publish","type":"post","link":"https:\/\/www.ocorreionews.com.br\/acervo-correio\/?p=19629","title":{"rendered":"Exclusivo: \u201cMatei para proteger meus filhos\u201d alega jovem que executou adolescente em Coxim"},"content":{"rendered":"<p>Wellington Andr\u00e9 Rodrigues dos Santos, de 21 anos, que foi preso na manh\u00e3 desta quinta-feira (28) pela Pol\u00edcia Civil, poucos minutos ap\u00f3s executar o adolescente Oz\u00e9ias Teixeira Vicente, de 17 anos, confessou o crime e alegou que matou para proteger os filhos.<\/p>\n<p>Wellington disse que Oz\u00e9ias ligava constantemente amea\u00e7ando matar ele e os filhos, um menino de 2 anos e uma menina de apenas 8 meses. \u201cTroquei v\u00e1rias vezes de n\u00famero, cheguei a tirar meus filhos da creche, mas ele sempre dava um jeito de ligar pra dizer que ia matar eu e minhas crian\u00e7as\u201d disse ele.<\/p>\n<p>Conforme o jovem, as provoca\u00e7\u00f5es entre os dois come\u00e7ou depois que Oz\u00e9ias o acusou injustamente de ter furtado algumas armas no ano passado. Wellington disse que chegou a ser ouvido pela pol\u00edcia, mas o envolvimento dele n\u00e3o foi comprovado.<\/p>\n<p>De acordo com Wellington, na manh\u00e3 desta quinta-feira ele recebeu outra liga\u00e7\u00e3o de Oz\u00e9ias questionando sobre o paradeiro dele. O jovem se recusou a dizer sua localiza\u00e7\u00e3o e perguntou onde Oz\u00e9ias estava escondido, momento em que o mesmo teria dito que estava numa resid\u00eancia na Rua Jatob\u00e1, na Vila do Pequi.<\/p>\n<p>Cansado das amea\u00e7as e temendo pela seguran\u00e7a dos filhos, Wellington pegou um rev\u00f3lver e foi com um amigo de moto at\u00e9 o local. Ele entrou com o capacete na cabe\u00e7a, foi at\u00e9 os fundos da casa, onde Oz\u00e9ias estava sentado numa cadeira de rodas debaixo de uma \u00e1rvore e efetuou os disparos.<\/p>\n<p><span style=\"color: #ff0000;\"><strong><a href=\"https:\/\/ocorreionews.com.br\/2016\/01\/28\/adolescente-paraplegico-e-executado-a-tiros-na-vila-do-pequi-em-coxim\/\">RELEMBRE O CASO<\/a><\/strong><\/span><\/p>\n<p>Dois tiros atingiram a v\u00edtima, que chegou a ser socorrida pelo Corpo de Bombeiros e SAMU (Servi\u00e7o de Atendimento M\u00f3vel de Urg\u00eancia), mas n\u00e3o resistiu e morreu assim que deu entrada no Hospital Regional \u00c1lvaro Fontoura.<\/p>\n<p><a href=\"https:\/\/ocorreionews.com.br\/wp-content\/uploads\/2016\/01\/coxim.jpg\" rel=\"attachment wp-att-19624\"><img loading=\"lazy\" decoding=\"async\" class=\"alignnone size-medium wp-image-19624\" src=\"https:\/\/ocorreionews.com.br\/wp-content\/uploads\/2016\/01\/coxim-300x215.jpg\" alt=\"coxim]\" width=\"300\" height=\"215\" srcset=\"https:\/\/www.ocorreionews.com.br\/acervo-correio\/wp-content\/uploads\/2016\/01\/coxim-300x215.jpg 300w, https:\/\/www.ocorreionews.com.br\/acervo-correio\/wp-content\/uploads\/2016\/01\/coxim-768x550.jpg 768w, https:\/\/www.ocorreionews.com.br\/acervo-correio\/wp-content\/uploads\/2016\/01\/coxim.jpg 800w\" sizes=\"auto, (max-width: 300px) 100vw, 300px\" \/><\/a><\/p>\n<p>Wellington disse que ap\u00f3s o crime foi at\u00e9 a cabeceira da ponte velha e jogou a arma nas \u00e1guas do Rio Taquari. Ele foi preso minutos depois pela Pol\u00edcia Civil, em sua resid\u00eancia localizada no bairro Senhor Divino.<\/p>\n<p>O autor foi encaminhado para a 1\u00aa Delegacia onde ser\u00e1 ouvido pelo Delegado Gustavo Mussi e deve ser indiciado em flagrante por homic\u00eddio doloso qualificado. A Pol\u00edcia Civil segue nas investiga\u00e7\u00f5es para tentar identificar o motociclista que deu fuga a Wellington. Ele negou que tenha fugido em um GM Corsa prata e confirmou que contou apenas com a ajuda de um amigo que conduzia uma moto.<\/p>\n<p>Angela Bezerra Edicaodenoticias<\/p>\n","protected":false},"excerpt":{"rendered":"<p>Wellington Andr\u00e9 Rodrigues dos Santos, de 21 anos, que foi preso na manh\u00e3 desta quinta-feira (28) pela Pol\u00edcia Civil, poucos minutos ap\u00f3s executar o adolescente Oz\u00e9ias Teixeira Vicente, de 17 anos, confessou o crime e alegou que matou para proteger os filhos. Wellington disse que Oz\u00e9ias ligava constantemente amea\u00e7ando matar ele e os filhos, um [&hellip;]<\/p>\n","protected":false},"author":4,"featured_media":19647,"comment_status":"closed","ping_status":"closed","sticky":false,"template":"","format":"standard","meta":{"footnotes":""},"categories":[38],"tags":[],"class_list":["post-19629","post","type-post","status-publish","format-standard","has-post-thumbnail","hentry","category-policia"],"_links":{"self":[{"href":"https:\/\/www.ocorreionews.com.br\/acervo-correio\/index.php?rest_route=\/wp\/v2\/posts\/19629","targetHints":{"allow":["GET"]}}],"collection":[{"href":"https:\/\/www.ocorreionews.com.br\/acervo-correio\/index.php?rest_route=\/wp\/v2\/posts"}],"about":[{"href":"https:\/\/www.ocorreionews.com.br\/acervo-correio\/index.php?rest_route=\/wp\/v2\/types\/post"}],"author":[{"embeddable":true,"href":"https:\/\/www.ocorreionews.com.br\/acervo-correio\/index.php?rest_route=\/wp\/v2\/users\/4"}],"replies":[{"embeddable":true,"href":"https:\/\/www.ocorreionews.com.br\/acervo-correio\/index.php?rest_route=%2Fwp%2Fv2%2Fcomments&post=19629"}],"version-history":[{"count":0,"href":"https:\/\/www.ocorreionews.com.br\/acervo-correio\/index.php?rest_route=\/wp\/v2\/posts\/19629\/revisions"}],"wp:featuredmedia":[{"embeddable":true,"href":"https:\/\/www.ocorreionews.com.br\/acervo-correio\/index.php?rest_route=\/wp\/v2\/media\/19647"}],"wp:attachment":[{"href":"https:\/\/www.ocorreionews.com.br\/acervo-correio\/index.php?rest_route=%2Fwp%2Fv2%2Fmedia&parent=19629"}],"wp:term":[{"taxonomy":"category","embeddable":true,"href":"https:\/\/www.ocorreionews.com.br\/acervo-correio\/index.php?rest_route=%2Fwp%2Fv2%2Fcategories&post=19629"},{"taxonomy":"post_tag","embeddable":true,"href":"https:\/\/www.ocorreionews.com.br\/acervo-correio\/index.php?rest_route=%2Fwp%2Fv2%2Ftags&post=19629"}],"curies":[{"name":"wp","href":"https:\/\/api.w.org\/{rel}","templated":true}]}}