{"id":19636,"date":"2016-01-28T14:23:20","date_gmt":"2016-01-28T17:23:20","guid":{"rendered":"https:\/\/ocorreionews.com.br\/?p=19636"},"modified":"2016-01-28T14:23:47","modified_gmt":"2016-01-28T17:23:47","slug":"ms-tera-9-pontos-facultativos-e-11-feriados-em-2016-anuncia-governo","status":"publish","type":"post","link":"https:\/\/www.ocorreionews.com.br\/acervo-correio\/?p=19636","title":{"rendered":"MS ter\u00e1 9 pontos facultativos e 11 feriados em 2016, anuncia governo"},"content":{"rendered":"<p>De janeiro a dezembro de 2016, Mato Grosso do Sul ter\u00e1 11 feriados e 9 pontos facultativos, segundo decreto publicado pelo governo do estado no Di\u00e1rio Oficial desta quinta-feira (28).<\/p>\n<p>Conforme a publica\u00e7\u00e3o, as datas s\u00e3o v\u00e1lidas para os \u00f3rg\u00e3os e as entidades da Administra\u00e7\u00e3o Direta, Aut\u00e1rquica e Fundacional do Poder Executivo Estadual.<\/p>\n<p>Segundo o decreto, n\u00e3o se aplicam os pontos facultativos estabelecidos em decreto federal ou municipal. O documento ressalta que os dirigentes dos \u00f3rg\u00e3os e das entidades dever\u00e3o garantir o funcionamento dos servi\u00e7os essenciais.<\/p>\n<p>Por isso,\u00a0 nas datas fixadas pelo decreto e nos feriados municipais, os servi\u00e7os p\u00fablicos considerados essenciais devem ser garantidos atrav\u00e9s de escalas de servi\u00e7o ou de plant\u00e3o.<\/p>\n<p>O decreto entra em vigor na data de sua publica\u00e7\u00e3o e foi assinado pela governadora em exerc\u00edcio, Rose Modesto.<\/p>\n<div class=\"tabela-materia componente_materia\">\n<table>\n<thead>\n<tr>\n<th>Data<\/th>\n<th>Evento<\/th>\n<\/tr>\n<\/thead>\n<tbody>\n<tr>\n<td>1\u00ba de janeiro<\/td>\n<td>Confrateriza\u00e7\u00e3o Universal (feriado nacional)<\/td>\n<\/tr>\n<tr>\n<td>8 de fevereiro<\/td>\n<td>Carnaval (ponto facultativo)<\/td>\n<\/tr>\n<tr>\n<td>9 de fevereiro<\/td>\n<td>Carnaval (ponto facultativo)<\/td>\n<\/tr>\n<tr>\n<td>10 de fevereiro<\/td>\n<td>Quarta-feira de Cinzas (ponto facultativo at\u00e9 13h)<\/td>\n<\/tr>\n<tr>\n<td>24 de mar\u00e7o<\/td>\n<td>Semana Santa (ponto facultativo)<\/td>\n<\/tr>\n<tr>\n<td>25 de mar\u00e7o<\/td>\n<td>Semana Santa (feriado nacional)<\/td>\n<\/tr>\n<tr>\n<td>21 de abril<\/td>\n<td>Tiradentes (feriado nacional)<\/td>\n<\/tr>\n<tr>\n<td>22 de abril<\/td>\n<td>Ponto facultativo<\/td>\n<\/tr>\n<tr>\n<td>1\u00ba de maio<\/td>\n<td>Dia Mundial do Trabalho (feriado nacional)<\/td>\n<\/tr>\n<tr>\n<td>26 de maio<\/td>\n<td><em>Corpus Christi <\/em>(ponto facultativo)<\/td>\n<\/tr>\n<tr>\n<td>27 de maio<\/td>\n<td>Ponto facultativo<\/td>\n<\/tr>\n<tr>\n<td>7 de setembro<\/td>\n<td>Independ\u00eancia do Brasil (feriado nacional)<\/td>\n<\/tr>\n<tr>\n<td>10 de outubro<\/td>\n<td>Ponto facultativo<\/td>\n<\/tr>\n<tr>\n<td>11 de outubro<\/td>\n<td>Cria\u00e7\u00e3o do Estado (feriado estadual)<\/td>\n<\/tr>\n<tr>\n<td>12 de outubro<\/td>\n<td>Nossa Senhora Aparecida (feriado nacional)<\/td>\n<\/tr>\n<tr>\n<td>28 de outubro<\/td>\n<td>Dia do Servidor P\u00fablico &#8211; art. 300 da Lei n\u00ba 1.102, de 10 de outubro de 1990 (ponto facultativo)<\/td>\n<\/tr>\n<tr>\n<td>2 de novembro<\/td>\n<td>Finados (feriado nacional)<\/td>\n<\/tr>\n<tr>\n<td>14 de novembro<\/td>\n<td>Ponto facultativo<\/td>\n<\/tr>\n<tr>\n<td>15 de novembro<\/td>\n<td>Proclama\u00e7\u00e3o da Rep\u00fablica (feriado nacional)<\/td>\n<\/tr>\n<tr>\n<td>25 de dezembro<\/td>\n<td>Natal (feriado nacional)<\/td>\n<\/tr>\n<\/tbody>\n<\/table>\n<\/div>\n<p>&nbsp;<\/p>\n<p>&nbsp;<\/p>\n<p>G1 MS<\/p>\n","protected":false},"excerpt":{"rendered":"<p>De janeiro a dezembro de 2016, Mato Grosso do Sul ter\u00e1 11 feriados e 9 pontos facultativos, segundo decreto publicado pelo governo do estado no Di\u00e1rio Oficial desta quinta-feira (28). Conforme a publica\u00e7\u00e3o, as datas s\u00e3o v\u00e1lidas para os \u00f3rg\u00e3os e as entidades da Administra\u00e7\u00e3o Direta, Aut\u00e1rquica e Fundacional do Poder Executivo Estadual. Segundo o [&hellip;]<\/p>\n","protected":false},"author":4,"featured_media":19637,"comment_status":"closed","ping_status":"closed","sticky":false,"template":"","format":"standard","meta":{"footnotes":""},"categories":[31],"tags":[],"class_list":["post-19636","post","type-post","status-publish","format-standard","has-post-thumbnail","hentry","category-geral"],"_links":{"self":[{"href":"https:\/\/www.ocorreionews.com.br\/acervo-correio\/index.php?rest_route=\/wp\/v2\/posts\/19636","targetHints":{"allow":["GET"]}}],"collection":[{"href":"https:\/\/www.ocorreionews.com.br\/acervo-correio\/index.php?rest_route=\/wp\/v2\/posts"}],"about":[{"href":"https:\/\/www.ocorreionews.com.br\/acervo-correio\/index.php?rest_route=\/wp\/v2\/types\/post"}],"author":[{"embeddable":true,"href":"https:\/\/www.ocorreionews.com.br\/acervo-correio\/index.php?rest_route=\/wp\/v2\/users\/4"}],"replies":[{"embeddable":true,"href":"https:\/\/www.ocorreionews.com.br\/acervo-correio\/index.php?rest_route=%2Fwp%2Fv2%2Fcomments&post=19636"}],"version-history":[{"count":0,"href":"https:\/\/www.ocorreionews.com.br\/acervo-correio\/index.php?rest_route=\/wp\/v2\/posts\/19636\/revisions"}],"wp:featuredmedia":[{"embeddable":true,"href":"https:\/\/www.ocorreionews.com.br\/acervo-correio\/index.php?rest_route=\/wp\/v2\/media\/19637"}],"wp:attachment":[{"href":"https:\/\/www.ocorreionews.com.br\/acervo-correio\/index.php?rest_route=%2Fwp%2Fv2%2Fmedia&parent=19636"}],"wp:term":[{"taxonomy":"category","embeddable":true,"href":"https:\/\/www.ocorreionews.com.br\/acervo-correio\/index.php?rest_route=%2Fwp%2Fv2%2Fcategories&post=19636"},{"taxonomy":"post_tag","embeddable":true,"href":"https:\/\/www.ocorreionews.com.br\/acervo-correio\/index.php?rest_route=%2Fwp%2Fv2%2Ftags&post=19636"}],"curies":[{"name":"wp","href":"https:\/\/api.w.org\/{rel}","templated":true}]}}