{"id":19642,"date":"2016-01-29T08:00:59","date_gmt":"2016-01-29T11:00:59","guid":{"rendered":"https:\/\/ocorreionews.com.br\/?p=19642"},"modified":"2016-01-29T08:55:09","modified_gmt":"2016-01-29T11:55:09","slug":"prefeitura-de-figueirao-faz-reuniao-com-futuros-beneficiarios-do-programa-minha-casa-minha-vida","status":"publish","type":"post","link":"https:\/\/www.ocorreionews.com.br\/acervo-correio\/?p=19642","title":{"rendered":"Prefeitura de Figueir\u00e3o faz reuni\u00e3o com futuros benefici\u00e1rios do Programa Minha Casa Minha Vida"},"content":{"rendered":"<p>O Prefeito de Figueir\u00e3o, Rog\u00e9rio Rosalin, juntamente com a Secret\u00e1ria Municipal de Assist\u00eancia Social, Graciela Rosalin, reuniram-se com os pr\u00e9-selecionados pelo Programa Habitacional Financiado com Subs\u00eddio, na quarta-feira, 27 de janeiro \u00e0s 17h, no audit\u00f3rio da prefeitura.<\/p>\n<p>A reuni\u00e3o serviu para esclarecer aos futuros benefici\u00e1rios do Programa Minha Casa Minha Vida, j\u00e1 selecionados pela Caixa<span class=\"text_exposed_show\">, com rela\u00e7\u00e3o \u00e0 documenta\u00e7\u00e3o exigida e os prazos para entrega da documenta\u00e7\u00e3o necess\u00e1ria.<\/span><\/p>\n<p><span class=\"text_exposed_show\">A documenta\u00e7\u00e3o exigida est\u00e1 sendo recebida na Secretaria de Assist\u00eancia Social, para montagem dos processos. Ser\u00e3o observados os crit\u00e9rios de pontua\u00e7\u00e3o estabelecidos pela Caixa para aprova\u00e7\u00e3o dos processos dos selecionados<\/span><\/p>\n<p><span class=\"text_exposed_show\">Na \u00faltima quinta-feira, (21), a Secretaria de Estado de Habitac\u00e3o \u2013 AGEHAB, acompanhou a pr\u00e9-sele\u00e7\u00e3o do munic\u00edpio de Figueir\u00e3o referente ao Programa. A reuni\u00e3o foi realizada com a presen\u00e7a de representante da Cooperativa Habitacional dos Auditores e Servidores Federais \u2013 Coophaf. Figueir\u00e3o foi contemplado com 20 casas do PSH \u2013 Programa de Subs\u00eddio \u00e0 Habita\u00e7\u00e3o de Interesse Social &#8211; do FGTS.<\/span><\/p>\n<p>&nbsp;<\/p>\n<p><a href=\"https:\/\/ocorreionews.com.br\/wp-content\/uploads\/2016\/01\/reuniao-minha-casa-minha-vida-figueirao.jpg\" rel=\"attachment wp-att-19645\"><img loading=\"lazy\" decoding=\"async\" class=\"alignnone wp-image-19645 \" src=\"https:\/\/ocorreionews.com.br\/wp-content\/uploads\/2016\/01\/reuniao-minha-casa-minha-vida-figueirao.jpg\" alt=\"reuniao minha casa minha vida figueirao\" width=\"615\" height=\"408\" srcset=\"https:\/\/www.ocorreionews.com.br\/acervo-correio\/wp-content\/uploads\/2016\/01\/reuniao-minha-casa-minha-vida-figueirao.jpg 960w, https:\/\/www.ocorreionews.com.br\/acervo-correio\/wp-content\/uploads\/2016\/01\/reuniao-minha-casa-minha-vida-figueirao-300x199.jpg 300w, https:\/\/www.ocorreionews.com.br\/acervo-correio\/wp-content\/uploads\/2016\/01\/reuniao-minha-casa-minha-vida-figueirao-768x510.jpg 768w\" sizes=\"auto, (max-width: 615px) 100vw, 615px\" \/><\/a> <a href=\"https:\/\/ocorreionews.com.br\/wp-content\/uploads\/2016\/01\/reuniao-minha-casa-minha-vida-figueirao-3.jpg\" rel=\"attachment wp-att-19644\"><img loading=\"lazy\" decoding=\"async\" class=\"alignnone wp-image-19644 \" src=\"https:\/\/ocorreionews.com.br\/wp-content\/uploads\/2016\/01\/reuniao-minha-casa-minha-vida-figueirao-3.jpg\" alt=\"reuniao minha casa minha vida figueirao 3\" width=\"615\" height=\"408\" srcset=\"https:\/\/www.ocorreionews.com.br\/acervo-correio\/wp-content\/uploads\/2016\/01\/reuniao-minha-casa-minha-vida-figueirao-3.jpg 960w, https:\/\/www.ocorreionews.com.br\/acervo-correio\/wp-content\/uploads\/2016\/01\/reuniao-minha-casa-minha-vida-figueirao-3-300x199.jpg 300w, https:\/\/www.ocorreionews.com.br\/acervo-correio\/wp-content\/uploads\/2016\/01\/reuniao-minha-casa-minha-vida-figueirao-3-768x510.jpg 768w\" sizes=\"auto, (max-width: 615px) 100vw, 615px\" \/><\/a><\/p>\n<p>Assessoria<\/p>\n","protected":false},"excerpt":{"rendered":"<p>O Prefeito de Figueir\u00e3o, Rog\u00e9rio Rosalin, juntamente com a Secret\u00e1ria Municipal de Assist\u00eancia Social, Graciela Rosalin, reuniram-se com os pr\u00e9-selecionados pelo Programa Habitacional Financiado com Subs\u00eddio, na quarta-feira, 27 de janeiro \u00e0s 17h, no audit\u00f3rio da prefeitura. A reuni\u00e3o serviu para esclarecer aos futuros benefici\u00e1rios do Programa Minha Casa Minha Vida, j\u00e1 selecionados pela Caixa, [&hellip;]<\/p>\n","protected":false},"author":4,"featured_media":19643,"comment_status":"closed","ping_status":"closed","sticky":false,"template":"","format":"standard","meta":{"footnotes":""},"categories":[30],"tags":[],"class_list":["post-19642","post","type-post","status-publish","format-standard","has-post-thumbnail","hentry","category-figueirao"],"_links":{"self":[{"href":"https:\/\/www.ocorreionews.com.br\/acervo-correio\/index.php?rest_route=\/wp\/v2\/posts\/19642","targetHints":{"allow":["GET"]}}],"collection":[{"href":"https:\/\/www.ocorreionews.com.br\/acervo-correio\/index.php?rest_route=\/wp\/v2\/posts"}],"about":[{"href":"https:\/\/www.ocorreionews.com.br\/acervo-correio\/index.php?rest_route=\/wp\/v2\/types\/post"}],"author":[{"embeddable":true,"href":"https:\/\/www.ocorreionews.com.br\/acervo-correio\/index.php?rest_route=\/wp\/v2\/users\/4"}],"replies":[{"embeddable":true,"href":"https:\/\/www.ocorreionews.com.br\/acervo-correio\/index.php?rest_route=%2Fwp%2Fv2%2Fcomments&post=19642"}],"version-history":[{"count":0,"href":"https:\/\/www.ocorreionews.com.br\/acervo-correio\/index.php?rest_route=\/wp\/v2\/posts\/19642\/revisions"}],"wp:featuredmedia":[{"embeddable":true,"href":"https:\/\/www.ocorreionews.com.br\/acervo-correio\/index.php?rest_route=\/wp\/v2\/media\/19643"}],"wp:attachment":[{"href":"https:\/\/www.ocorreionews.com.br\/acervo-correio\/index.php?rest_route=%2Fwp%2Fv2%2Fmedia&parent=19642"}],"wp:term":[{"taxonomy":"category","embeddable":true,"href":"https:\/\/www.ocorreionews.com.br\/acervo-correio\/index.php?rest_route=%2Fwp%2Fv2%2Fcategories&post=19642"},{"taxonomy":"post_tag","embeddable":true,"href":"https:\/\/www.ocorreionews.com.br\/acervo-correio\/index.php?rest_route=%2Fwp%2Fv2%2Ftags&post=19642"}],"curies":[{"name":"wp","href":"https:\/\/api.w.org\/{rel}","templated":true}]}}