{"id":19651,"date":"2016-01-29T07:37:48","date_gmt":"2016-01-29T10:37:48","guid":{"rendered":"https:\/\/ocorreionews.com.br\/?p=19651"},"modified":"2016-01-29T08:26:38","modified_gmt":"2016-01-29T11:26:38","slug":"policia-militar-prende-do-homem-do-regime-semiaberto-com-produtos-roubados","status":"publish","type":"post","link":"https:\/\/www.ocorreionews.com.br\/acervo-correio\/?p=19651","title":{"rendered":"Policia Militar prende  homem do regime semiaberto com produtos roubados"},"content":{"rendered":"<p style=\"text-align: justify;\">A Pol\u00edcia Militar de Chapad\u00e3o do Sul, prendeu na noite de ontem, no Bairro Esplanada, Aldair Jos\u00e9 da Rosa, acusado de estar vendendo produtos roubados.<\/p>\n<p style=\"text-align: justify;\">A pris\u00e3o de Aldair, ocorreu na Rua Tucano, quando ele estava tentando vender uma mala com uma furadeira.<\/p>\n<p style=\"text-align: justify;\">O produto foi oferecido para o pr\u00f3prio dono, que reconheceu e acionou a pol\u00edcia militar que imediatamente chegou ao local e conseguiu efetuar a pris\u00e3o.<\/p>\n<p style=\"text-align: justify;\"><a href=\"https:\/\/ocorreionews.com.br\/wp-content\/uploads\/2016\/01\/DSC_6086.jpg\" rel=\"attachment wp-att-19652\"><img loading=\"lazy\" decoding=\"async\" class=\"alignnone wp-image-19652 size-full\" src=\"https:\/\/ocorreionews.com.br\/wp-content\/uploads\/2016\/01\/DSC_6086.jpg\" alt=\"DSC_6086\" width=\"600\" height=\"399\" srcset=\"https:\/\/www.ocorreionews.com.br\/acervo-correio\/wp-content\/uploads\/2016\/01\/DSC_6086.jpg 600w, https:\/\/www.ocorreionews.com.br\/acervo-correio\/wp-content\/uploads\/2016\/01\/DSC_6086-300x200.jpg 300w\" sizes=\"auto, (max-width: 600px) 100vw, 600px\" \/><\/a><\/p>\n<p style=\"text-align: justify;\">Ap\u00f3s, dirigiram-se at\u00e9 a casa de sua irm\u00e3, onde ele mora em um\u00a0c\u00f4modo que fica nos fundos, encontraram escondido uma lixadeira Markita, que tamb\u00e9m \u00e9 produto de roubo, ocorrido a pouco tempo em Chapad\u00e3o do Sul.<\/p>\n<p style=\"text-align: justify;\">Em Chapad\u00e3o do Sul, ele est\u00e1 no regime semiaberto tamb\u00e9m por pratica de furtos e de posse de drogas.<\/p>\n<p style=\"text-align: justify;\">Aldair foi preso em flagrante, juntamente com os produtos e ser\u00e1 entregue \u00e0 justi\u00e7a para os devidos fins.<\/p>\n","protected":false},"excerpt":{"rendered":"<p>A Pol\u00edcia Militar de Chapad\u00e3o do Sul, prendeu na noite de ontem, no Bairro Esplanada, Aldair Jos\u00e9 da Rosa, acusado de estar vendendo produtos roubados. A pris\u00e3o de Aldair, ocorreu na Rua Tucano, quando ele estava tentando vender uma mala com uma furadeira. O produto foi oferecido para o pr\u00f3prio dono, que reconheceu e acionou [&hellip;]<\/p>\n","protected":false},"author":4,"featured_media":19653,"comment_status":"closed","ping_status":"closed","sticky":false,"template":"","format":"standard","meta":{"footnotes":""},"categories":[23,38],"tags":[],"class_list":["post-19651","post","type-post","status-publish","format-standard","has-post-thumbnail","hentry","category-chapadao-do-sul","category-policia"],"_links":{"self":[{"href":"https:\/\/www.ocorreionews.com.br\/acervo-correio\/index.php?rest_route=\/wp\/v2\/posts\/19651","targetHints":{"allow":["GET"]}}],"collection":[{"href":"https:\/\/www.ocorreionews.com.br\/acervo-correio\/index.php?rest_route=\/wp\/v2\/posts"}],"about":[{"href":"https:\/\/www.ocorreionews.com.br\/acervo-correio\/index.php?rest_route=\/wp\/v2\/types\/post"}],"author":[{"embeddable":true,"href":"https:\/\/www.ocorreionews.com.br\/acervo-correio\/index.php?rest_route=\/wp\/v2\/users\/4"}],"replies":[{"embeddable":true,"href":"https:\/\/www.ocorreionews.com.br\/acervo-correio\/index.php?rest_route=%2Fwp%2Fv2%2Fcomments&post=19651"}],"version-history":[{"count":0,"href":"https:\/\/www.ocorreionews.com.br\/acervo-correio\/index.php?rest_route=\/wp\/v2\/posts\/19651\/revisions"}],"wp:featuredmedia":[{"embeddable":true,"href":"https:\/\/www.ocorreionews.com.br\/acervo-correio\/index.php?rest_route=\/wp\/v2\/media\/19653"}],"wp:attachment":[{"href":"https:\/\/www.ocorreionews.com.br\/acervo-correio\/index.php?rest_route=%2Fwp%2Fv2%2Fmedia&parent=19651"}],"wp:term":[{"taxonomy":"category","embeddable":true,"href":"https:\/\/www.ocorreionews.com.br\/acervo-correio\/index.php?rest_route=%2Fwp%2Fv2%2Fcategories&post=19651"},{"taxonomy":"post_tag","embeddable":true,"href":"https:\/\/www.ocorreionews.com.br\/acervo-correio\/index.php?rest_route=%2Fwp%2Fv2%2Ftags&post=19651"}],"curies":[{"name":"wp","href":"https:\/\/api.w.org\/{rel}","templated":true}]}}