{"id":19662,"date":"2016-01-29T08:20:14","date_gmt":"2016-01-29T11:20:14","guid":{"rendered":"https:\/\/ocorreionews.com.br\/?p=19662"},"modified":"2016-01-29T08:20:14","modified_gmt":"2016-01-29T11:20:14","slug":"vereadores-everaldo-e-ailton-amorim-reuniram-com-a-empresa-quality-sistema","status":"publish","type":"post","link":"https:\/\/www.ocorreionews.com.br\/acervo-correio\/?p=19662","title":{"rendered":"Vereadores Everaldo e Ailton Amorim reuniram com a empresa Quality Sistema"},"content":{"rendered":"<p>O presidente da C\u00e2mara de Costa Rica \u2013 MS, Averaldo Barbosa da Costa acompanhado do vice-presidente, Ailton Martins Amorim, participaram em Campo Grande de uma reuni\u00e3o, com o presidente da empresa Quality Sistemas, Marcos da Maia.<\/p>\n<p style=\"text-align: justify;\">A reuni\u00e3o teve como objetivo, da elabora\u00e7\u00e3o de projetos relacionados \u00e0 moderniza\u00e7\u00e3o do sistema de tramita\u00e7\u00e3o de processos legislativos, bem como da informatiza\u00e7\u00e3o do Sistema de Controle interno do Poder Legislativo, para que possamos implantar no Legislativo Municipal um sistema que permitir\u00e1 a informatiza\u00e7\u00e3o, tornando poss\u00edvel fazer uma gest\u00e3o eletr\u00f4nica de todos os documentos, que vai nos dar mais economia com gastos de papeis e ajudar no meio ambiente.<\/p>\n","protected":false},"excerpt":{"rendered":"<p>O presidente da C\u00e2mara de Costa Rica \u2013 MS, Averaldo Barbosa da Costa acompanhado do vice-presidente, Ailton Martins Amorim, participaram em Campo Grande de uma reuni\u00e3o, com o presidente da empresa Quality Sistemas, Marcos da Maia. A reuni\u00e3o teve como objetivo, da elabora\u00e7\u00e3o de projetos relacionados \u00e0 moderniza\u00e7\u00e3o do sistema de tramita\u00e7\u00e3o de processos legislativos, [&hellip;]<\/p>\n","protected":false},"author":4,"featured_media":19663,"comment_status":"closed","ping_status":"closed","sticky":false,"template":"","format":"standard","meta":{"footnotes":""},"categories":[25],"tags":[],"class_list":["post-19662","post","type-post","status-publish","format-standard","has-post-thumbnail","hentry","category-costa-rica"],"_links":{"self":[{"href":"https:\/\/www.ocorreionews.com.br\/acervo-correio\/index.php?rest_route=\/wp\/v2\/posts\/19662","targetHints":{"allow":["GET"]}}],"collection":[{"href":"https:\/\/www.ocorreionews.com.br\/acervo-correio\/index.php?rest_route=\/wp\/v2\/posts"}],"about":[{"href":"https:\/\/www.ocorreionews.com.br\/acervo-correio\/index.php?rest_route=\/wp\/v2\/types\/post"}],"author":[{"embeddable":true,"href":"https:\/\/www.ocorreionews.com.br\/acervo-correio\/index.php?rest_route=\/wp\/v2\/users\/4"}],"replies":[{"embeddable":true,"href":"https:\/\/www.ocorreionews.com.br\/acervo-correio\/index.php?rest_route=%2Fwp%2Fv2%2Fcomments&post=19662"}],"version-history":[{"count":0,"href":"https:\/\/www.ocorreionews.com.br\/acervo-correio\/index.php?rest_route=\/wp\/v2\/posts\/19662\/revisions"}],"wp:featuredmedia":[{"embeddable":true,"href":"https:\/\/www.ocorreionews.com.br\/acervo-correio\/index.php?rest_route=\/wp\/v2\/media\/19663"}],"wp:attachment":[{"href":"https:\/\/www.ocorreionews.com.br\/acervo-correio\/index.php?rest_route=%2Fwp%2Fv2%2Fmedia&parent=19662"}],"wp:term":[{"taxonomy":"category","embeddable":true,"href":"https:\/\/www.ocorreionews.com.br\/acervo-correio\/index.php?rest_route=%2Fwp%2Fv2%2Fcategories&post=19662"},{"taxonomy":"post_tag","embeddable":true,"href":"https:\/\/www.ocorreionews.com.br\/acervo-correio\/index.php?rest_route=%2Fwp%2Fv2%2Ftags&post=19662"}],"curies":[{"name":"wp","href":"https:\/\/api.w.org\/{rel}","templated":true}]}}