{"id":19669,"date":"2016-01-29T08:35:40","date_gmt":"2016-01-29T11:35:40","guid":{"rendered":"https:\/\/ocorreionews.com.br\/?p=19669"},"modified":"2016-01-29T08:35:40","modified_gmt":"2016-01-29T11:35:40","slug":"estudantes-tem-ate-hoje-para-se-inscrever-no-fies","status":"publish","type":"post","link":"https:\/\/www.ocorreionews.com.br\/acervo-correio\/?p=19669","title":{"rendered":"Estudantes t\u00eam at\u00e9 hoje para se inscrever no Fies"},"content":{"rendered":"<p>Termina hoje (29) \u00e0s 23h59min o prazo para inscri\u00e7\u00f5es no processo seletivo do Fundo de Financiamento Estudantil (Fies) do primeiro semestre de 2016. As inscri\u00e7\u00f5es s\u00e3o feitas exclusivamente pela\u00a0internet. O Fies financia cursos superiores n\u00e3o gratuitos com avalia\u00e7\u00e3o positiva. Nesta edi\u00e7\u00e3o, s\u00e3o ofertadas 250.279 vagas. O resultado da pr\u00e9-sele\u00e7\u00e3o na chamada \u00fanica ser\u00e1 divulgado no dia 1\u00b0 de fevereiro.<\/p>\n<p>Pode se inscrever no processo seletivo do Fies o estudante que tenha participado do Exame Nacional do Ensino M\u00e9dio (Enem) a partir de 2010, obtido pelo menos 450 pontos na m\u00e9dia das provas e n\u00e3o tenha tirado 0 na reda\u00e7\u00e3o. O candidato precisa ter tamb\u00e9m renda familiar mensal bruta\u00a0per capita\u00a0de at\u00e9 2,5 sal\u00e1rios m\u00ednimos.<\/p>\n<p>O candidato poder\u00e1 se inscrever em um \u00fanico curso e turno entre aqueles com vagas ofertadas. Durante o per\u00edodo de inscri\u00e7\u00e3o, poder\u00e1 alterar sua op\u00e7\u00e3o de vaga, bem como fazer o cancelamento. Os estudantes ser\u00e3o classificados de acordo com as notas no Enem na edi\u00e7\u00e3o em que tiver obtido a maior m\u00e9dia.<\/p>\n<p>Do total de vagas ofertadas nesta edi\u00e7\u00e3o, 47% v\u00e3o para as regi\u00f5es Norte, Nordeste e Centro-Oeste. A maior parte da vagas (63%) vai para os cursos considerados priorit\u00e1rios pelo Minist\u00e9rio da Educa\u00e7\u00e3o nas \u00e1reas de sa\u00fade, engenharias e forma\u00e7\u00e3o de professores. A divis\u00e3o das vagas \u00e9 a seguinte: 30,4% para cursos de sa\u00fade, 18,8% para forma\u00e7\u00e3o de professores e 13,8% para as engenharias. Os outros 37% s\u00e3o para cursos das demais \u00e1reas.<\/p>\n<p><strong>LISTA DE ESPERA<\/strong><\/p>\n<p>O processo ter\u00e1 chamada \u00fanica e lista de espera. Os estudantes que n\u00e3o forem pr\u00e9-selecionados na chamada \u00fanica ser\u00e3o inclu\u00eddos na lista de espera para o preenchimento das vagas eventualmente n\u00e3o ocupadas. O resultado da pr\u00e9-sele\u00e7\u00e3o na chamada \u00fanica e a lista de espera ser\u00e3o divulgados no dia 1\u00ba de fevereiro.<\/p>\n","protected":false},"excerpt":{"rendered":"<p>Termina hoje (29) \u00e0s 23h59min o prazo para inscri\u00e7\u00f5es no processo seletivo do Fundo de Financiamento Estudantil (Fies) do primeiro semestre de 2016. As inscri\u00e7\u00f5es s\u00e3o feitas exclusivamente pela\u00a0internet. O Fies financia cursos superiores n\u00e3o gratuitos com avalia\u00e7\u00e3o positiva. Nesta edi\u00e7\u00e3o, s\u00e3o ofertadas 250.279 vagas. O resultado da pr\u00e9-sele\u00e7\u00e3o na chamada \u00fanica ser\u00e1 divulgado no [&hellip;]<\/p>\n","protected":false},"author":4,"featured_media":2271,"comment_status":"closed","ping_status":"closed","sticky":false,"template":"","format":"standard","meta":{"footnotes":""},"categories":[27],"tags":[],"class_list":["post-19669","post","type-post","status-publish","format-standard","has-post-thumbnail","hentry","category-educacao"],"_links":{"self":[{"href":"https:\/\/www.ocorreionews.com.br\/acervo-correio\/index.php?rest_route=\/wp\/v2\/posts\/19669","targetHints":{"allow":["GET"]}}],"collection":[{"href":"https:\/\/www.ocorreionews.com.br\/acervo-correio\/index.php?rest_route=\/wp\/v2\/posts"}],"about":[{"href":"https:\/\/www.ocorreionews.com.br\/acervo-correio\/index.php?rest_route=\/wp\/v2\/types\/post"}],"author":[{"embeddable":true,"href":"https:\/\/www.ocorreionews.com.br\/acervo-correio\/index.php?rest_route=\/wp\/v2\/users\/4"}],"replies":[{"embeddable":true,"href":"https:\/\/www.ocorreionews.com.br\/acervo-correio\/index.php?rest_route=%2Fwp%2Fv2%2Fcomments&post=19669"}],"version-history":[{"count":0,"href":"https:\/\/www.ocorreionews.com.br\/acervo-correio\/index.php?rest_route=\/wp\/v2\/posts\/19669\/revisions"}],"wp:featuredmedia":[{"embeddable":true,"href":"https:\/\/www.ocorreionews.com.br\/acervo-correio\/index.php?rest_route=\/wp\/v2\/media\/2271"}],"wp:attachment":[{"href":"https:\/\/www.ocorreionews.com.br\/acervo-correio\/index.php?rest_route=%2Fwp%2Fv2%2Fmedia&parent=19669"}],"wp:term":[{"taxonomy":"category","embeddable":true,"href":"https:\/\/www.ocorreionews.com.br\/acervo-correio\/index.php?rest_route=%2Fwp%2Fv2%2Fcategories&post=19669"},{"taxonomy":"post_tag","embeddable":true,"href":"https:\/\/www.ocorreionews.com.br\/acervo-correio\/index.php?rest_route=%2Fwp%2Fv2%2Ftags&post=19669"}],"curies":[{"name":"wp","href":"https:\/\/api.w.org\/{rel}","templated":true}]}}