{"id":19679,"date":"2016-01-29T08:48:45","date_gmt":"2016-01-29T11:48:45","guid":{"rendered":"https:\/\/ocorreionews.com.br\/?p=19679"},"modified":"2016-01-29T08:48:45","modified_gmt":"2016-01-29T11:48:45","slug":"waldeli-cumpre-extensa-agenda-em-campo-grande-em-busca-de-melhorias-para-costa-rica","status":"publish","type":"post","link":"https:\/\/www.ocorreionews.com.br\/acervo-correio\/?p=19679","title":{"rendered":"Waldeli cumpre extensa agenda em Campo Grande em busca de melhorias para Costa Rica"},"content":{"rendered":"<div class=\"marginBottom30px link-Internas\">\n<p>Nos dias 26 e 27 o prefeito Waldeli dos Santos Rosa esteve cumprindo extensa agenda em Campo Grande &#8211; MS em busca de melhorias para a popula\u00e7\u00e3o costarriquense.<\/p>\n<p>Na quarta-feira (27), o Chefe do Executivo Municipal acompanhado dos vereadores Averaldo Barbosa (presidente), Ailton Amorim (vice-presidente), Lucas L\u00e1zaro Gerolomo (l\u00edder do prefeito) e Ivanildo Ferrari (Did\u00e3o), participaram de uma reuni\u00e3o com o secret\u00e1rio de Estado de Infraestrutura, Marcelo Miglioli.<\/p>\n<p>Na ocasi\u00e3o as autoridades costarriquenses solicitaram melhorias na MS 306 que esta com muito buraco, melhorias na MS 135 que liga Costa Rica \u00e0 BR 359, sentido Fazenda Germinex e ainda manuten\u00e7\u00e3o na MS 316 que liga Costa Rica a Paraiso das \u00c1guas, pr\u00f3ximo \u00e0 fazenda S\u00e3o Marcos. \u201cO secret\u00e1rio nos garantiu que ir\u00e1 atender as nossas demandas e que no in\u00edcio do m\u00eas de mar\u00e7o estar\u00e1 em Costa Rica acompanhando os trabalhos\u201d, comentou o prefeito.<\/p>\n<p>Tamb\u00e9m na quarta-feira, Waldeli acompanhado do vereador Lucas esteve reunido com a deputada Federal Teresa Cristina, oportunidade em que solicitaram um mam\u00f3grafo para o Munic\u00edpio.<\/p>\n<p>E na noite de ter\u00e7a-feira (26), o Chefe do Executivo Municipal acompanhado do diretor do CREC \u2013 Costa Rica Esporte Clube &#8211; Augusto C\u00e9sar Mignoli, participou no Centro de Conven\u00e7\u00f5es Arquiteto Rubens Gil de Camillo, da cerim\u00f4nia de lan\u00e7amento oficial do Campeonato Sul-Mato-Grossense de Futebol \u2013 2016.<\/p>\n<\/div>\n<div class=\"marginBottom30px link-Internas\"><\/div>\n<div class=\"marginBottom30px link-Internas\"><\/div>\n<div class=\"marginBottom30px link-Internas\"><\/div>\n<div class=\"marginBottom30px link-Internas\">ASSECOM\/PMCR<\/div>\n","protected":false},"excerpt":{"rendered":"<p>Nos dias 26 e 27 o prefeito Waldeli dos Santos Rosa esteve cumprindo extensa agenda em Campo Grande &#8211; MS em busca de melhorias para a popula\u00e7\u00e3o costarriquense. Na quarta-feira (27), o Chefe do Executivo Municipal acompanhado dos vereadores Averaldo Barbosa (presidente), Ailton Amorim (vice-presidente), Lucas L\u00e1zaro Gerolomo (l\u00edder do prefeito) e Ivanildo Ferrari (Did\u00e3o), [&hellip;]<\/p>\n","protected":false},"author":4,"featured_media":19680,"comment_status":"closed","ping_status":"closed","sticky":false,"template":"","format":"standard","meta":{"footnotes":""},"categories":[25],"tags":[],"class_list":["post-19679","post","type-post","status-publish","format-standard","has-post-thumbnail","hentry","category-costa-rica"],"_links":{"self":[{"href":"https:\/\/www.ocorreionews.com.br\/acervo-correio\/index.php?rest_route=\/wp\/v2\/posts\/19679","targetHints":{"allow":["GET"]}}],"collection":[{"href":"https:\/\/www.ocorreionews.com.br\/acervo-correio\/index.php?rest_route=\/wp\/v2\/posts"}],"about":[{"href":"https:\/\/www.ocorreionews.com.br\/acervo-correio\/index.php?rest_route=\/wp\/v2\/types\/post"}],"author":[{"embeddable":true,"href":"https:\/\/www.ocorreionews.com.br\/acervo-correio\/index.php?rest_route=\/wp\/v2\/users\/4"}],"replies":[{"embeddable":true,"href":"https:\/\/www.ocorreionews.com.br\/acervo-correio\/index.php?rest_route=%2Fwp%2Fv2%2Fcomments&post=19679"}],"version-history":[{"count":0,"href":"https:\/\/www.ocorreionews.com.br\/acervo-correio\/index.php?rest_route=\/wp\/v2\/posts\/19679\/revisions"}],"wp:featuredmedia":[{"embeddable":true,"href":"https:\/\/www.ocorreionews.com.br\/acervo-correio\/index.php?rest_route=\/wp\/v2\/media\/19680"}],"wp:attachment":[{"href":"https:\/\/www.ocorreionews.com.br\/acervo-correio\/index.php?rest_route=%2Fwp%2Fv2%2Fmedia&parent=19679"}],"wp:term":[{"taxonomy":"category","embeddable":true,"href":"https:\/\/www.ocorreionews.com.br\/acervo-correio\/index.php?rest_route=%2Fwp%2Fv2%2Fcategories&post=19679"},{"taxonomy":"post_tag","embeddable":true,"href":"https:\/\/www.ocorreionews.com.br\/acervo-correio\/index.php?rest_route=%2Fwp%2Fv2%2Ftags&post=19679"}],"curies":[{"name":"wp","href":"https:\/\/api.w.org\/{rel}","templated":true}]}}