{"id":19691,"date":"2016-01-29T13:35:35","date_gmt":"2016-01-29T16:35:35","guid":{"rendered":"https:\/\/ocorreionews.com.br\/?p=19691"},"modified":"2016-01-29T13:35:35","modified_gmt":"2016-01-29T16:35:35","slug":"paraiso-das-aguas-realiza-baile-da-melhor-idade-no-proximo-domingo-dia-31","status":"publish","type":"post","link":"https:\/\/www.ocorreionews.com.br\/acervo-correio\/?p=19691","title":{"rendered":"Para\u00edso das \u00c1guas realiza Baile da Melhor Idade no pr\u00f3ximo domingo, dia 31"},"content":{"rendered":"<p>Acontece no pr\u00f3ximo domingo, dia 31 de janeiro, o \u00a0Baile da Melhor Idade em Para\u00edso das \u00c1guas.<\/p>\n<p>O evento ser\u00e1 realizado no Mercado do Produtor das 17 \u00e0s 21 horas\u00a0 e quem estar\u00e1 animando o primeiro \u00a0bail\u00e3o de 2016 \u00e9 a Banda Toninho de Souza e grupo Vida Pantaneira, da cidade de S\u00e3o Gabriel do Oeste.<\/p>\n<p>A entrada \u00e9 gratuita e toda popula\u00e7\u00e3o acima de 18 anos de idade est\u00e1 convidada a participar do evento.<\/p>\n<p>O Baile da Melhor Idade \u00e9 uma realiza\u00e7\u00e3o da Prefeitura Municipal de Para\u00edso das \u00c1guas atrav\u00e9s da Secretaria Municipal de Assist\u00eancia Social.<\/p>\n<p>&nbsp;<\/p>\n<p>ASSECOM- Prefeitura Municipal de Para\u00edso das \u00c1guas- MS<\/p>\n","protected":false},"excerpt":{"rendered":"<p>Acontece no pr\u00f3ximo domingo, dia 31 de janeiro, o \u00a0Baile da Melhor Idade em Para\u00edso das \u00c1guas. O evento ser\u00e1 realizado no Mercado do Produtor das 17 \u00e0s 21 horas\u00a0 e quem estar\u00e1 animando o primeiro \u00a0bail\u00e3o de 2016 \u00e9 a Banda Toninho de Souza e grupo Vida Pantaneira, da cidade de S\u00e3o Gabriel do [&hellip;]<\/p>\n","protected":false},"author":4,"featured_media":19692,"comment_status":"closed","ping_status":"closed","sticky":false,"template":"","format":"standard","meta":{"footnotes":""},"categories":[36],"tags":[],"class_list":["post-19691","post","type-post","status-publish","format-standard","has-post-thumbnail","hentry","category-paraiso-das-aguas"],"_links":{"self":[{"href":"https:\/\/www.ocorreionews.com.br\/acervo-correio\/index.php?rest_route=\/wp\/v2\/posts\/19691","targetHints":{"allow":["GET"]}}],"collection":[{"href":"https:\/\/www.ocorreionews.com.br\/acervo-correio\/index.php?rest_route=\/wp\/v2\/posts"}],"about":[{"href":"https:\/\/www.ocorreionews.com.br\/acervo-correio\/index.php?rest_route=\/wp\/v2\/types\/post"}],"author":[{"embeddable":true,"href":"https:\/\/www.ocorreionews.com.br\/acervo-correio\/index.php?rest_route=\/wp\/v2\/users\/4"}],"replies":[{"embeddable":true,"href":"https:\/\/www.ocorreionews.com.br\/acervo-correio\/index.php?rest_route=%2Fwp%2Fv2%2Fcomments&post=19691"}],"version-history":[{"count":0,"href":"https:\/\/www.ocorreionews.com.br\/acervo-correio\/index.php?rest_route=\/wp\/v2\/posts\/19691\/revisions"}],"wp:featuredmedia":[{"embeddable":true,"href":"https:\/\/www.ocorreionews.com.br\/acervo-correio\/index.php?rest_route=\/wp\/v2\/media\/19692"}],"wp:attachment":[{"href":"https:\/\/www.ocorreionews.com.br\/acervo-correio\/index.php?rest_route=%2Fwp%2Fv2%2Fmedia&parent=19691"}],"wp:term":[{"taxonomy":"category","embeddable":true,"href":"https:\/\/www.ocorreionews.com.br\/acervo-correio\/index.php?rest_route=%2Fwp%2Fv2%2Fcategories&post=19691"},{"taxonomy":"post_tag","embeddable":true,"href":"https:\/\/www.ocorreionews.com.br\/acervo-correio\/index.php?rest_route=%2Fwp%2Fv2%2Ftags&post=19691"}],"curies":[{"name":"wp","href":"https:\/\/api.w.org\/{rel}","templated":true}]}}