{"id":19696,"date":"2016-01-30T07:25:15","date_gmt":"2016-01-30T10:25:15","guid":{"rendered":"https:\/\/ocorreionews.com.br\/?p=19696"},"modified":"2016-02-01T07:47:35","modified_gmt":"2016-02-01T10:47:35","slug":"prefeito-waldeli-e-vereadores-pediram-recuperam-das-rod-ms-306-359-135-e-316","status":"publish","type":"post","link":"https:\/\/www.ocorreionews.com.br\/acervo-correio\/?p=19696","title":{"rendered":"Prefeito Waldeli e vereadores solicitaram recupera\u00e7\u00e3o das Rod. MS 306-359-135 e 316"},"content":{"rendered":"<div class=\"noticiasVer\">\n<div>Em reuni\u00e3o na \u00faltima quarta-feira (27), com o secret\u00e1rio de Estado de Infraestrutura, Marcelo Miglioli, o prefeito Waldeli dos Santos Rosa, o presidente Averaldo Barbosa, o vice Ailton Amorim e os vereadores Lucas Lazaro Gerolomo e Ivanildo Ferrari \u2018Did\u00e3o\u2019, solicitaram melhorias nas principais rodovias de Costa Rica \u2013 MS.<\/div>\n<div><\/div>\n<div>As autoridades costarriquenses foram recebidas no gabinete de Miglioli, na Seinfra &#8211; Secretaria de Estado de Infraestrutura \u2013 em Campo Grande \u2013 MS, ocasi\u00e3o em que solicitaram manuten\u00e7\u00e3o na MS 306 que est\u00e1 com muito buraco; na MS 135 que liga Costa Rica \u00e0 BR 359 (sentido Fazenda Germinex) e na MS 316 que liga Costa Rica a Para\u00edso das \u00c1guas, pr\u00f3ximo \u00e0 Fazenda S\u00e3o Marcos. \u201cEssas estradas est\u00e3o muito prec\u00e1rias e precisam urgente de reparos\u201d, alegou Waldeli.<\/div>\n<div><\/div>\n<div>Lembrou as autoridades costarriquenses, que essas rodovias s\u00e3o importantes para o escoamento de toda a safra agr\u00edcola do munic\u00edpio, que ja teve inicio e precisam com urgentes da sua recupera\u00e7\u00e3o.<\/div>\n<div><\/div>\n<div>O secret\u00e1rio por sua vez se comprometeu com o prefeito e os vereadores da base que ir\u00e1 agilizar imediatamente a solicita\u00e7\u00e3o do Munic\u00edpio, ele finalizou garantindo que j\u00e1 no m\u00eas de mar\u00e7o vem \u00e0 Costa Rica para verificar como esta o andamento das obras solicitadas.<\/div>\n<div>Assecom -PMCR<\/div>\n<\/div>\n<div class=\"hide\"><\/div>\n","protected":false},"excerpt":{"rendered":"<p>Em reuni\u00e3o na \u00faltima quarta-feira (27), com o secret\u00e1rio de Estado de Infraestrutura, Marcelo Miglioli, o prefeito Waldeli dos Santos Rosa, o presidente Averaldo Barbosa, o vice Ailton Amorim e os vereadores Lucas Lazaro Gerolomo e Ivanildo Ferrari \u2018Did\u00e3o\u2019, solicitaram melhorias nas principais rodovias de Costa Rica \u2013 MS. As autoridades costarriquenses foram recebidas no [&hellip;]<\/p>\n","protected":false},"author":4,"featured_media":19697,"comment_status":"closed","ping_status":"closed","sticky":false,"template":"","format":"standard","meta":{"footnotes":""},"categories":[25],"tags":[],"class_list":["post-19696","post","type-post","status-publish","format-standard","has-post-thumbnail","hentry","category-costa-rica"],"_links":{"self":[{"href":"https:\/\/www.ocorreionews.com.br\/acervo-correio\/index.php?rest_route=\/wp\/v2\/posts\/19696","targetHints":{"allow":["GET"]}}],"collection":[{"href":"https:\/\/www.ocorreionews.com.br\/acervo-correio\/index.php?rest_route=\/wp\/v2\/posts"}],"about":[{"href":"https:\/\/www.ocorreionews.com.br\/acervo-correio\/index.php?rest_route=\/wp\/v2\/types\/post"}],"author":[{"embeddable":true,"href":"https:\/\/www.ocorreionews.com.br\/acervo-correio\/index.php?rest_route=\/wp\/v2\/users\/4"}],"replies":[{"embeddable":true,"href":"https:\/\/www.ocorreionews.com.br\/acervo-correio\/index.php?rest_route=%2Fwp%2Fv2%2Fcomments&post=19696"}],"version-history":[{"count":0,"href":"https:\/\/www.ocorreionews.com.br\/acervo-correio\/index.php?rest_route=\/wp\/v2\/posts\/19696\/revisions"}],"wp:featuredmedia":[{"embeddable":true,"href":"https:\/\/www.ocorreionews.com.br\/acervo-correio\/index.php?rest_route=\/wp\/v2\/media\/19697"}],"wp:attachment":[{"href":"https:\/\/www.ocorreionews.com.br\/acervo-correio\/index.php?rest_route=%2Fwp%2Fv2%2Fmedia&parent=19696"}],"wp:term":[{"taxonomy":"category","embeddable":true,"href":"https:\/\/www.ocorreionews.com.br\/acervo-correio\/index.php?rest_route=%2Fwp%2Fv2%2Fcategories&post=19696"},{"taxonomy":"post_tag","embeddable":true,"href":"https:\/\/www.ocorreionews.com.br\/acervo-correio\/index.php?rest_route=%2Fwp%2Fv2%2Ftags&post=19696"}],"curies":[{"name":"wp","href":"https:\/\/api.w.org\/{rel}","templated":true}]}}