{"id":19714,"date":"2016-01-31T16:15:44","date_gmt":"2016-01-31T19:15:44","guid":{"rendered":"https:\/\/ocorreionews.com.br\/?p=19714"},"modified":"2016-01-31T16:24:16","modified_gmt":"2016-01-31T19:24:16","slug":"motociclista-morre-na-ms-320-proximo-a-pouso-alto","status":"publish","type":"post","link":"https:\/\/www.ocorreionews.com.br\/acervo-correio\/?p=19714","title":{"rendered":"Motociclista morre na MS 320 pr\u00f3ximo a Pouso Alto"},"content":{"rendered":"<p><span style=\"font-family: helvetica; font-size: small;\">Na tarde deste s\u00e1bado(30), por volta das 16h, na rodovia MS 320, na altura do KM 75,5, a 20 KM do distrito de Pouso Alto, Adenis L\u00facio de Souza, 34 anos perdeu sua vida ap\u00f3s sofrer um acidente com sua motocicleta Honda Bros, placas HTT **97 de Tr\u00eas Lagoas &#8211; MS.<\/span><\/p>\n<div><span style=\"font-family: helvetica; font-size: small;\">\u00a0<\/span><\/div>\n<div><span style=\"font-family: helvetica; font-size: small;\">Adenis teria perdido o controle da motocicleta e lan\u00e7ado fora da pista. Ele chegou ser socorrido com vida, mas chegou no Posto de Sa\u00fade do distrito de Pouso Alto j\u00e1 sem vida. A vitima estava com ferimentos na cabe\u00e7a, o que pode indicar traumatismo craniano. Suspeita-se que chovia no momento do acidente.<\/span><\/div>\n<div><span style=\"font-family: helvetica; font-size: small;\"><a href=\"https:\/\/ocorreionews.com.br\/wp-content\/uploads\/2016\/01\/151798_0.jpg\" rel=\"attachment wp-att-19716\"><img loading=\"lazy\" decoding=\"async\" class=\"alignnone size-medium wp-image-19716\" src=\"https:\/\/ocorreionews.com.br\/wp-content\/uploads\/2016\/01\/151798_0-300x225.jpg\" alt=\"151798_0\" width=\"300\" height=\"225\" srcset=\"https:\/\/www.ocorreionews.com.br\/acervo-correio\/wp-content\/uploads\/2016\/01\/151798_0-300x225.jpg 300w, https:\/\/www.ocorreionews.com.br\/acervo-correio\/wp-content\/uploads\/2016\/01\/151798_0-100x75.jpg 100w, https:\/\/www.ocorreionews.com.br\/acervo-correio\/wp-content\/uploads\/2016\/01\/151798_0.jpg 500w\" sizes=\"auto, (max-width: 300px) 100vw, 300px\" \/><\/a><\/span><\/div>\n<div><span style=\"font-family: helvetica; font-size: small;\">O corpo de Adenis foi removido pela Funer\u00e1ria Britopax e aguarda libera\u00e7\u00e3o da Pol\u00edcia Civil para ser encaminhado para o Instituto M\u00e9dico Odontol\u00f3gico Legal (IMOL) de Parana\u00edba (MS).<\/span><\/div>\n<div><span style=\"font-family: helvetica; font-size: small;\">\u00a0<\/span><\/div>\n<div><span style=\"font-family: helvetica; font-size: small;\">A fam\u00edlia informou que o corpo de Adenis ser\u00e1 transladado e velado em Sud Mennucci (SP) e sepultado em Auriflama (SP).<\/span><\/div>\n<div>Britonews<\/div>\n<div><\/div>\n","protected":false},"excerpt":{"rendered":"<p>Na tarde deste s\u00e1bado(30), por volta das 16h, na rodovia MS 320, na altura do KM 75,5, a 20 KM do distrito de Pouso Alto, Adenis L\u00facio de Souza, 34 anos perdeu sua vida ap\u00f3s sofrer um acidente com sua motocicleta Honda Bros, placas HTT **97 de Tr\u00eas Lagoas &#8211; MS. \u00a0 Adenis teria perdido [&hellip;]<\/p>\n","protected":false},"author":4,"featured_media":19715,"comment_status":"closed","ping_status":"closed","sticky":false,"template":"","format":"standard","meta":{"footnotes":""},"categories":[36,38],"tags":[],"class_list":["post-19714","post","type-post","status-publish","format-standard","has-post-thumbnail","hentry","category-paraiso-das-aguas","category-policia"],"_links":{"self":[{"href":"https:\/\/www.ocorreionews.com.br\/acervo-correio\/index.php?rest_route=\/wp\/v2\/posts\/19714","targetHints":{"allow":["GET"]}}],"collection":[{"href":"https:\/\/www.ocorreionews.com.br\/acervo-correio\/index.php?rest_route=\/wp\/v2\/posts"}],"about":[{"href":"https:\/\/www.ocorreionews.com.br\/acervo-correio\/index.php?rest_route=\/wp\/v2\/types\/post"}],"author":[{"embeddable":true,"href":"https:\/\/www.ocorreionews.com.br\/acervo-correio\/index.php?rest_route=\/wp\/v2\/users\/4"}],"replies":[{"embeddable":true,"href":"https:\/\/www.ocorreionews.com.br\/acervo-correio\/index.php?rest_route=%2Fwp%2Fv2%2Fcomments&post=19714"}],"version-history":[{"count":0,"href":"https:\/\/www.ocorreionews.com.br\/acervo-correio\/index.php?rest_route=\/wp\/v2\/posts\/19714\/revisions"}],"wp:featuredmedia":[{"embeddable":true,"href":"https:\/\/www.ocorreionews.com.br\/acervo-correio\/index.php?rest_route=\/wp\/v2\/media\/19715"}],"wp:attachment":[{"href":"https:\/\/www.ocorreionews.com.br\/acervo-correio\/index.php?rest_route=%2Fwp%2Fv2%2Fmedia&parent=19714"}],"wp:term":[{"taxonomy":"category","embeddable":true,"href":"https:\/\/www.ocorreionews.com.br\/acervo-correio\/index.php?rest_route=%2Fwp%2Fv2%2Fcategories&post=19714"},{"taxonomy":"post_tag","embeddable":true,"href":"https:\/\/www.ocorreionews.com.br\/acervo-correio\/index.php?rest_route=%2Fwp%2Fv2%2Ftags&post=19714"}],"curies":[{"name":"wp","href":"https:\/\/api.w.org\/{rel}","templated":true}]}}