{"id":19719,"date":"2016-01-31T16:31:57","date_gmt":"2016-01-31T19:31:57","guid":{"rendered":"https:\/\/ocorreionews.com.br\/?p=19719"},"modified":"2016-01-31T16:37:19","modified_gmt":"2016-01-31T19:37:19","slug":"policia-militar-de-chapadao-do-sul-volta-a-realizar-operacao-na-cidade","status":"publish","type":"post","link":"https:\/\/www.ocorreionews.com.br\/acervo-correio\/?p=19719","title":{"rendered":"Policia Militar de Chapad\u00e3o do Sul volta a realizar Opera\u00e7\u00e3o na cidade"},"content":{"rendered":"<p>Sob o comando do Aspirante a oficial Gabriel de Oliveira Martins, o efetivo da unidade com apoio da equipe da pol\u00edcia civil N.O.T.I.I intensificou as a\u00e7\u00f5es de policiamento ostensivo-preventivo na cidade, realizando abordagens e fiscaliza\u00e7\u00f5es em diversos estabelecimentos comerciais. Muitos bares e similares foram fechados por haverem sido constatadas irregularidades quanto \u00e0 documenta\u00e7\u00e3o para\u00a0funcionamento.<\/p>\n<p>O comandante da opera\u00e7\u00e3o, Aspirante Martins, ressaltou que \u201ca opera\u00e7\u00e3o consistiu em a\u00e7\u00f5es preventivas Pr\u00e9-Carnaval com o intuito de fiscaliza\u00e7\u00e3o e orienta\u00e7\u00e3o aos propriet\u00e1rios dos bares e similares que estavam funcionando em desacordo com os alvar\u00e1s de funcionamento, al\u00e9m de buscarmos, atrav\u00e9s da intensifica\u00e7\u00e3o das abordagens, coibir atos il\u00edcitos e garantir os direitos do cidad\u00e3o, proporcionando maior sensa\u00e7\u00e3o de seguran\u00e7a e tranquilidade \u00e0s pessoas que residem em Chapad\u00e3o do Sul\u201d.<\/p>\n<p>Tamb\u00e9m foi realizada durante a Opera\u00e7\u00e3o uma fiscaliza\u00e7\u00e3o de tr\u00e2nsito nos locais de maior fluxo de ve\u00edculos nos finais de semana e uma BLITZ em frente a principal boate da cidade, com o intuito de evitar que poss\u00edveis condutores alcoolizados sa\u00edssem pelas ruas da cidade dirigindo seus ve\u00edculos, colocando assim em risco a pr\u00f3pria vida e a de terceiros.<\/p>\n<p>Uma das principais a\u00e7\u00f5es da Opera\u00e7\u00e3o foi a fiscaliza\u00e7\u00e3o aos bares e similares, pois durante as abordagens em tais estabelecimentos foi realizado a pris\u00e3o de um indiv\u00edduo que portava droga para consumo, al\u00e9m de ter sido fechado todos os estabelecimentos que estavam funcionando em desacordo com os alvar\u00e1s de funcionamento.<\/p>\n<p>A Opera\u00e7\u00e3o ainda teve mais quatro pessoas presas e encaminhadas para a Delegacia da Pol\u00edcia Civil, sendo uma por perturba\u00e7\u00e3o do sossego alheio e tr\u00eas por desobedi\u00eancia e desacato. Tamb\u00e9m foi apreendido som automotivo e alguns ve\u00edculos que estavam com documenta\u00e7\u00e3o irregular.<\/p>\n<p><a href=\"https:\/\/ocorreionews.com.br\/wp-content\/uploads\/2016\/01\/20160130_225847.jpg\" rel=\"attachment wp-att-19720\"><img loading=\"lazy\" decoding=\"async\" class=\"alignnone size-medium wp-image-19720\" src=\"https:\/\/ocorreionews.com.br\/wp-content\/uploads\/2016\/01\/20160130_225847-300x275.jpg\" alt=\"20160130_225847\" width=\"300\" height=\"275\" srcset=\"https:\/\/www.ocorreionews.com.br\/acervo-correio\/wp-content\/uploads\/2016\/01\/20160130_225847-300x275.jpg 300w, https:\/\/www.ocorreionews.com.br\/acervo-correio\/wp-content\/uploads\/2016\/01\/20160130_225847.jpg 600w\" sizes=\"auto, (max-width: 300px) 100vw, 300px\" \/><\/a> <a href=\"https:\/\/ocorreionews.com.br\/wp-content\/uploads\/2016\/01\/20160130_231822.jpg\" rel=\"attachment wp-att-19722\"><img loading=\"lazy\" decoding=\"async\" class=\"alignnone size-medium wp-image-19722\" src=\"https:\/\/ocorreionews.com.br\/wp-content\/uploads\/2016\/01\/20160130_231822-300x247.jpg\" alt=\"20160130_231822\" width=\"300\" height=\"247\" srcset=\"https:\/\/www.ocorreionews.com.br\/acervo-correio\/wp-content\/uploads\/2016\/01\/20160130_231822-300x247.jpg 300w, https:\/\/www.ocorreionews.com.br\/acervo-correio\/wp-content\/uploads\/2016\/01\/20160130_231822.jpg 600w\" sizes=\"auto, (max-width: 300px) 100vw, 300px\" \/><\/a> <a href=\"https:\/\/ocorreionews.com.br\/wp-content\/uploads\/2016\/01\/20160131_000522.jpg\" rel=\"attachment wp-att-19723\"><img loading=\"lazy\" decoding=\"async\" class=\"alignnone size-medium wp-image-19723\" src=\"https:\/\/ocorreionews.com.br\/wp-content\/uploads\/2016\/01\/20160131_000522-300x169.jpg\" alt=\"20160131_000522\" width=\"300\" height=\"169\" srcset=\"https:\/\/www.ocorreionews.com.br\/acervo-correio\/wp-content\/uploads\/2016\/01\/20160131_000522-300x169.jpg 300w, https:\/\/www.ocorreionews.com.br\/acervo-correio\/wp-content\/uploads\/2016\/01\/20160131_000522.jpg 600w\" sizes=\"auto, (max-width: 300px) 100vw, 300px\" \/><\/a> <a href=\"https:\/\/ocorreionews.com.br\/wp-content\/uploads\/2016\/01\/20160131_000641.jpg\" rel=\"attachment wp-att-19724\"><img loading=\"lazy\" decoding=\"async\" class=\"alignnone size-medium wp-image-19724\" src=\"https:\/\/ocorreionews.com.br\/wp-content\/uploads\/2016\/01\/20160131_000641-300x169.jpg\" alt=\"20160131_000641\" width=\"300\" height=\"169\" srcset=\"https:\/\/www.ocorreionews.com.br\/acervo-correio\/wp-content\/uploads\/2016\/01\/20160131_000641-300x169.jpg 300w, https:\/\/www.ocorreionews.com.br\/acervo-correio\/wp-content\/uploads\/2016\/01\/20160131_000641.jpg 600w\" sizes=\"auto, (max-width: 300px) 100vw, 300px\" \/><\/a> <a href=\"https:\/\/ocorreionews.com.br\/wp-content\/uploads\/2016\/01\/20160131_022726.jpg\" rel=\"attachment wp-att-19725\"><img loading=\"lazy\" decoding=\"async\" class=\"alignnone size-medium wp-image-19725\" src=\"https:\/\/ocorreionews.com.br\/wp-content\/uploads\/2016\/01\/20160131_022726-300x169.jpg\" alt=\"20160131_022726\" width=\"300\" height=\"169\" srcset=\"https:\/\/www.ocorreionews.com.br\/acervo-correio\/wp-content\/uploads\/2016\/01\/20160131_022726-300x169.jpg 300w, https:\/\/www.ocorreionews.com.br\/acervo-correio\/wp-content\/uploads\/2016\/01\/20160131_022726.jpg 600w\" sizes=\"auto, (max-width: 300px) 100vw, 300px\" \/><\/a><\/p>\n","protected":false},"excerpt":{"rendered":"<p>Sob o comando do Aspirante a oficial Gabriel de Oliveira Martins, o efetivo da unidade com apoio da equipe da pol\u00edcia civil N.O.T.I.I intensificou as a\u00e7\u00f5es de policiamento ostensivo-preventivo na cidade, realizando abordagens e fiscaliza\u00e7\u00f5es em diversos estabelecimentos comerciais. Muitos bares e similares foram fechados por haverem sido constatadas irregularidades quanto \u00e0 documenta\u00e7\u00e3o para\u00a0funcionamento. O [&hellip;]<\/p>\n","protected":false},"author":4,"featured_media":19721,"comment_status":"closed","ping_status":"closed","sticky":false,"template":"","format":"standard","meta":{"footnotes":""},"categories":[38],"tags":[],"class_list":["post-19719","post","type-post","status-publish","format-standard","has-post-thumbnail","hentry","category-policia"],"_links":{"self":[{"href":"https:\/\/www.ocorreionews.com.br\/acervo-correio\/index.php?rest_route=\/wp\/v2\/posts\/19719","targetHints":{"allow":["GET"]}}],"collection":[{"href":"https:\/\/www.ocorreionews.com.br\/acervo-correio\/index.php?rest_route=\/wp\/v2\/posts"}],"about":[{"href":"https:\/\/www.ocorreionews.com.br\/acervo-correio\/index.php?rest_route=\/wp\/v2\/types\/post"}],"author":[{"embeddable":true,"href":"https:\/\/www.ocorreionews.com.br\/acervo-correio\/index.php?rest_route=\/wp\/v2\/users\/4"}],"replies":[{"embeddable":true,"href":"https:\/\/www.ocorreionews.com.br\/acervo-correio\/index.php?rest_route=%2Fwp%2Fv2%2Fcomments&post=19719"}],"version-history":[{"count":0,"href":"https:\/\/www.ocorreionews.com.br\/acervo-correio\/index.php?rest_route=\/wp\/v2\/posts\/19719\/revisions"}],"wp:featuredmedia":[{"embeddable":true,"href":"https:\/\/www.ocorreionews.com.br\/acervo-correio\/index.php?rest_route=\/wp\/v2\/media\/19721"}],"wp:attachment":[{"href":"https:\/\/www.ocorreionews.com.br\/acervo-correio\/index.php?rest_route=%2Fwp%2Fv2%2Fmedia&parent=19719"}],"wp:term":[{"taxonomy":"category","embeddable":true,"href":"https:\/\/www.ocorreionews.com.br\/acervo-correio\/index.php?rest_route=%2Fwp%2Fv2%2Fcategories&post=19719"},{"taxonomy":"post_tag","embeddable":true,"href":"https:\/\/www.ocorreionews.com.br\/acervo-correio\/index.php?rest_route=%2Fwp%2Fv2%2Ftags&post=19719"}],"curies":[{"name":"wp","href":"https:\/\/api.w.org\/{rel}","templated":true}]}}