{"id":19729,"date":"2016-02-01T06:46:38","date_gmt":"2016-02-01T09:46:38","guid":{"rendered":"https:\/\/ocorreionews.com.br\/?p=19729"},"modified":"2016-02-01T11:10:50","modified_gmt":"2016-02-01T14:10:50","slug":"nota-de-falecimento-morreu-guimar-cecatto","status":"publish","type":"post","link":"https:\/\/www.ocorreionews.com.br\/acervo-correio\/?p=19729","title":{"rendered":"Nota de Falecimento Morreu Eguimar Cecatto"},"content":{"rendered":"<p>Faleceu ontem em Campo Grande, Eguimar Cecatto, com 62 anos.<\/p>\n<p>Eguimar Cecatto era filho de Guerino Cecatto (in-memoria) e Vanda Cecatto. Fam\u00edlia pioneira da cidade.<\/p>\n<p>Segundo informa\u00e7\u00f5es Guimar Cecatto, foi hospitalizado em Chapad\u00e3o do Sul, transferido para Campo Grande, onde foi detectado um problema card\u00edaco e, veio a falecer nesta noite.<\/p>\n<p>Seu corpo est\u00e1 sendo translado para a cidade de Chapad\u00e3o do Sul, e dever\u00e1 ser chegar por volta das 09hs00, onde ser\u00e1 velado na veladoria e sepultado no final da tarde<\/p>\n","protected":false},"excerpt":{"rendered":"<p>Faleceu ontem em Campo Grande, Eguimar Cecatto, com 62 anos. Eguimar Cecatto era filho de Guerino Cecatto (in-memoria) e Vanda Cecatto. Fam\u00edlia pioneira da cidade. Segundo informa\u00e7\u00f5es Guimar Cecatto, foi hospitalizado em Chapad\u00e3o do Sul, transferido para Campo Grande, onde foi detectado um problema card\u00edaco e, veio a falecer nesta noite. Seu corpo est\u00e1 sendo [&hellip;]<\/p>\n","protected":false},"author":4,"featured_media":19811,"comment_status":"closed","ping_status":"closed","sticky":false,"template":"","format":"standard","meta":{"footnotes":""},"categories":[23],"tags":[],"class_list":["post-19729","post","type-post","status-publish","format-standard","has-post-thumbnail","hentry","category-chapadao-do-sul"],"_links":{"self":[{"href":"https:\/\/www.ocorreionews.com.br\/acervo-correio\/index.php?rest_route=\/wp\/v2\/posts\/19729","targetHints":{"allow":["GET"]}}],"collection":[{"href":"https:\/\/www.ocorreionews.com.br\/acervo-correio\/index.php?rest_route=\/wp\/v2\/posts"}],"about":[{"href":"https:\/\/www.ocorreionews.com.br\/acervo-correio\/index.php?rest_route=\/wp\/v2\/types\/post"}],"author":[{"embeddable":true,"href":"https:\/\/www.ocorreionews.com.br\/acervo-correio\/index.php?rest_route=\/wp\/v2\/users\/4"}],"replies":[{"embeddable":true,"href":"https:\/\/www.ocorreionews.com.br\/acervo-correio\/index.php?rest_route=%2Fwp%2Fv2%2Fcomments&post=19729"}],"version-history":[{"count":0,"href":"https:\/\/www.ocorreionews.com.br\/acervo-correio\/index.php?rest_route=\/wp\/v2\/posts\/19729\/revisions"}],"wp:featuredmedia":[{"embeddable":true,"href":"https:\/\/www.ocorreionews.com.br\/acervo-correio\/index.php?rest_route=\/wp\/v2\/media\/19811"}],"wp:attachment":[{"href":"https:\/\/www.ocorreionews.com.br\/acervo-correio\/index.php?rest_route=%2Fwp%2Fv2%2Fmedia&parent=19729"}],"wp:term":[{"taxonomy":"category","embeddable":true,"href":"https:\/\/www.ocorreionews.com.br\/acervo-correio\/index.php?rest_route=%2Fwp%2Fv2%2Fcategories&post=19729"},{"taxonomy":"post_tag","embeddable":true,"href":"https:\/\/www.ocorreionews.com.br\/acervo-correio\/index.php?rest_route=%2Fwp%2Fv2%2Ftags&post=19729"}],"curies":[{"name":"wp","href":"https:\/\/api.w.org\/{rel}","templated":true}]}}