{"id":19792,"date":"2016-02-01T09:13:16","date_gmt":"2016-02-01T12:13:16","guid":{"rendered":"https:\/\/ocorreionews.com.br\/?p=19792"},"modified":"2016-02-01T09:13:16","modified_gmt":"2016-02-01T12:13:16","slug":"governo-de-ms-eleva-ainda-mais-icms-de-itens-do-pacotaco","status":"publish","type":"post","link":"https:\/\/www.ocorreionews.com.br\/acervo-correio\/?p=19792","title":{"rendered":"Governo de MS eleva ainda mais ICMS de itens do \u201cpacota\u00e7o&#8221;"},"content":{"rendered":"<p>O governo estadual alargou em um m\u00eas o prazo para os empres\u00e1rios se adequarem \u00e0s mudan\u00e7as relativas ao regime de substitui\u00e7\u00e3o tribut\u00e1ria para pagamento do Imposto sobre Circula\u00e7\u00e3o de Mercadorias e Presta\u00e7\u00e3o de Servi\u00e7os (ICMS), conforme prev\u00ea o Decreto 14.383, publicado na edi\u00e7\u00e3o de sexta-feira (29) do Di\u00e1rio Oficial.<\/p>\n<p>No mesmo decreto, o governo tamb\u00e9m alterou tabelas, elevando o tributo de 44 itens dos grupos bebidas alco\u00f3licas e higiene pessoal. Isso n\u00e3o foi notado. Os produtos tiveram as margens de valor agregado majoradas em at\u00e9 6,45% na compara\u00e7\u00e3o com as tabelas anteriores, do Decreto 14.359, publicado em 28 de dezembro do ano passado. O peso da carga tribut\u00e1ria incidente sobre essas mercadorias \u00e9 ainda maior, pois j\u00e1 est\u00e3o com as al\u00edquotas do ICMs elevadas desde o dia 1\u00ba de janeiro.<\/p>\n<p>O Decreto 14.359 alterou a rela\u00e7\u00e3o das mercadorias sujeitas ao regime de substitui\u00e7\u00e3o tribut\u00e1ria e estabeleceu a margem de valor agregado (MVA) de diversos produtos. Na substitui\u00e7\u00e3o tribut\u00e1ria, o governo antecipa o recebimento do ICMS, que passa a ser cobrado antes da venda da mercadoria ao consumidor final.<\/p>\n<p>Isso \u00e9 bom para o governo, porque diminui o risco de sonega\u00e7\u00e3o e os custos com a fiscaliza\u00e7\u00e3o, conforme explica o contador Gilberto Felix, consultor da Associa\u00e7\u00e3o Comercial e Industrial de Campo Grande (ACICG). Como a cobran\u00e7a \u00e9 antecipada, o fisco estadual estima os acr\u00e9scimos aos pre\u00e7os finais dos produtos \u2013 essa proje\u00e7\u00e3o \u00e9 determinada pela MVA.<\/p>\n<p>&nbsp;<\/p>\n<p>&nbsp;<\/p>\n<p>Correio do Estado<\/p>\n","protected":false},"excerpt":{"rendered":"<p>O governo estadual alargou em um m\u00eas o prazo para os empres\u00e1rios se adequarem \u00e0s mudan\u00e7as relativas ao regime de substitui\u00e7\u00e3o tribut\u00e1ria para pagamento do Imposto sobre Circula\u00e7\u00e3o de Mercadorias e Presta\u00e7\u00e3o de Servi\u00e7os (ICMS), conforme prev\u00ea o Decreto 14.383, publicado na edi\u00e7\u00e3o de sexta-feira (29) do Di\u00e1rio Oficial. No mesmo decreto, o governo tamb\u00e9m [&hellip;]<\/p>\n","protected":false},"author":4,"featured_media":19793,"comment_status":"closed","ping_status":"closed","sticky":false,"template":"","format":"standard","meta":{"footnotes":""},"categories":[26,37],"tags":[],"class_list":["post-19792","post","type-post","status-publish","format-standard","has-post-thumbnail","hentry","category-economia","category-politica"],"_links":{"self":[{"href":"https:\/\/www.ocorreionews.com.br\/acervo-correio\/index.php?rest_route=\/wp\/v2\/posts\/19792","targetHints":{"allow":["GET"]}}],"collection":[{"href":"https:\/\/www.ocorreionews.com.br\/acervo-correio\/index.php?rest_route=\/wp\/v2\/posts"}],"about":[{"href":"https:\/\/www.ocorreionews.com.br\/acervo-correio\/index.php?rest_route=\/wp\/v2\/types\/post"}],"author":[{"embeddable":true,"href":"https:\/\/www.ocorreionews.com.br\/acervo-correio\/index.php?rest_route=\/wp\/v2\/users\/4"}],"replies":[{"embeddable":true,"href":"https:\/\/www.ocorreionews.com.br\/acervo-correio\/index.php?rest_route=%2Fwp%2Fv2%2Fcomments&post=19792"}],"version-history":[{"count":0,"href":"https:\/\/www.ocorreionews.com.br\/acervo-correio\/index.php?rest_route=\/wp\/v2\/posts\/19792\/revisions"}],"wp:featuredmedia":[{"embeddable":true,"href":"https:\/\/www.ocorreionews.com.br\/acervo-correio\/index.php?rest_route=\/wp\/v2\/media\/19793"}],"wp:attachment":[{"href":"https:\/\/www.ocorreionews.com.br\/acervo-correio\/index.php?rest_route=%2Fwp%2Fv2%2Fmedia&parent=19792"}],"wp:term":[{"taxonomy":"category","embeddable":true,"href":"https:\/\/www.ocorreionews.com.br\/acervo-correio\/index.php?rest_route=%2Fwp%2Fv2%2Fcategories&post=19792"},{"taxonomy":"post_tag","embeddable":true,"href":"https:\/\/www.ocorreionews.com.br\/acervo-correio\/index.php?rest_route=%2Fwp%2Fv2%2Ftags&post=19792"}],"curies":[{"name":"wp","href":"https:\/\/api.w.org\/{rel}","templated":true}]}}