{"id":19797,"date":"2016-02-01T09:00:08","date_gmt":"2016-02-01T12:00:08","guid":{"rendered":"https:\/\/ocorreionews.com.br\/?p=19797"},"modified":"2016-02-01T09:22:35","modified_gmt":"2016-02-01T12:22:35","slug":"municipio-realiza-no-dia-1-de-fevereiro-audiencia-publica-de-prestacao-de-contas-do-terceiro-quadrimestre-de-2015","status":"publish","type":"post","link":"https:\/\/www.ocorreionews.com.br\/acervo-correio\/?p=19797","title":{"rendered":"Munic\u00edpio realiza no dia 1\u00b0 de fevereiro Audi\u00eancia P\u00fablica de Presta\u00e7\u00e3o de Contas do terceiro quadrimestre de 2015"},"content":{"rendered":"<div class=\"marginBottom30px link-Internas\">\n<p>O Munic\u00edpio de Costa Rica \u2013 MS por meio da Secretaria de Sa\u00fade, a C\u00e2mara de Vereadores e o CMS \u2013 Conselho Municipal de Sa\u00fade \u2013 realizam na pr\u00f3xima segunda-feira, 1\u00b0 de fevereiro de 2016, a partir das 14h, Audi\u00eancia P\u00fablica de presta\u00e7\u00e3o de contas referente ao terceiro quadrimestre do ano de 2015.<\/p>\n<p>Conforme a secret\u00e1ria Municipal de Sa\u00fade Adriana Tobal, com base nos princ\u00edpios da transpar\u00eancia na gest\u00e3o fiscal, ser\u00e3o apresentados e esclarecidos os resultados da execu\u00e7\u00e3o or\u00e7ament\u00e1ria, bem como o desempenho da arrecada\u00e7\u00e3o de receitas e sua destina\u00e7\u00e3o, e tamb\u00e9m expostas as principais despesas do executivo.<\/p>\n<p>A audi\u00eancia ser\u00e1 realizada na C\u00e2mara Municipal. \u201cEste \u00e9 o momento em que o Governo Municipal ter\u00e1 a oportunidade de apresentar as despesas verificadas durante os \u00faltimos quatro meses de 2015, de modo a demonstrar e permitir a avalia\u00e7\u00e3o quanto ao cumprimento das metas fiscais estipuladas no in\u00edcio do exerc\u00edcio\u201d, explicou Adriana Tobal.<\/p>\n<p>O prefeito Waldeli dos Santos Rosa explica que as Audi\u00eancias P\u00fablicas s\u00e3o um canal direto de intera\u00e7\u00e3o com os moradores e seus representantes, que ganham a chance de questionar a gest\u00e3o e de participar da elabora\u00e7\u00e3o das metas do governo local para o desenvolvimento da cidade.<\/p>\n<p>\u201cExemplo disso, al\u00e9m das presta\u00e7\u00f5es de contas, realizadas segundo a Lei de Responsabilidade Fiscal (\u00a7 4\u00ba, do artigo 9\u00ba, da Lei Complementar n\u00ba 101 de 4 de maio de 2000), \u00e9 o or\u00e7amento participativo. &#8220;\u00c9 extremamente importante que as pessoas participem e nos ajudem a administrar o Munic\u00edpio de acordo com as suas prioridades&#8221;, afirma o Waldeli.<\/p>\n<p><a href=\"https:\/\/ocorreionews.com.br\/wp-content\/uploads\/2016\/02\/convite-audiencia.jpg\" rel=\"attachment wp-att-19798\"><img loading=\"lazy\" decoding=\"async\" class=\"alignnone wp-image-19798 size-full\" src=\"https:\/\/ocorreionews.com.br\/wp-content\/uploads\/2016\/02\/convite-audiencia.jpg\" alt=\"convite audiencia\" width=\"799\" height=\"573\" srcset=\"https:\/\/www.ocorreionews.com.br\/acervo-correio\/wp-content\/uploads\/2016\/02\/convite-audiencia.jpg 799w, https:\/\/www.ocorreionews.com.br\/acervo-correio\/wp-content\/uploads\/2016\/02\/convite-audiencia-300x215.jpg 300w, https:\/\/www.ocorreionews.com.br\/acervo-correio\/wp-content\/uploads\/2016\/02\/convite-audiencia-768x551.jpg 768w\" sizes=\"auto, (max-width: 799px) 100vw, 799px\" \/><\/a><\/p>\n<\/div>\n<div class=\"marginBottom30px link-Internas\">ASSECOM\/PMCR<\/div>\n","protected":false},"excerpt":{"rendered":"<p>O Munic\u00edpio de Costa Rica \u2013 MS por meio da Secretaria de Sa\u00fade, a C\u00e2mara de Vereadores e o CMS \u2013 Conselho Municipal de Sa\u00fade \u2013 realizam na pr\u00f3xima segunda-feira, 1\u00b0 de fevereiro de 2016, a partir das 14h, Audi\u00eancia P\u00fablica de presta\u00e7\u00e3o de contas referente ao terceiro quadrimestre do ano de 2015. Conforme a [&hellip;]<\/p>\n","protected":false},"author":4,"featured_media":19798,"comment_status":"closed","ping_status":"closed","sticky":false,"template":"","format":"standard","meta":{"footnotes":""},"categories":[25],"tags":[],"class_list":["post-19797","post","type-post","status-publish","format-standard","has-post-thumbnail","hentry","category-costa-rica"],"_links":{"self":[{"href":"https:\/\/www.ocorreionews.com.br\/acervo-correio\/index.php?rest_route=\/wp\/v2\/posts\/19797","targetHints":{"allow":["GET"]}}],"collection":[{"href":"https:\/\/www.ocorreionews.com.br\/acervo-correio\/index.php?rest_route=\/wp\/v2\/posts"}],"about":[{"href":"https:\/\/www.ocorreionews.com.br\/acervo-correio\/index.php?rest_route=\/wp\/v2\/types\/post"}],"author":[{"embeddable":true,"href":"https:\/\/www.ocorreionews.com.br\/acervo-correio\/index.php?rest_route=\/wp\/v2\/users\/4"}],"replies":[{"embeddable":true,"href":"https:\/\/www.ocorreionews.com.br\/acervo-correio\/index.php?rest_route=%2Fwp%2Fv2%2Fcomments&post=19797"}],"version-history":[{"count":0,"href":"https:\/\/www.ocorreionews.com.br\/acervo-correio\/index.php?rest_route=\/wp\/v2\/posts\/19797\/revisions"}],"wp:featuredmedia":[{"embeddable":true,"href":"https:\/\/www.ocorreionews.com.br\/acervo-correio\/index.php?rest_route=\/wp\/v2\/media\/19798"}],"wp:attachment":[{"href":"https:\/\/www.ocorreionews.com.br\/acervo-correio\/index.php?rest_route=%2Fwp%2Fv2%2Fmedia&parent=19797"}],"wp:term":[{"taxonomy":"category","embeddable":true,"href":"https:\/\/www.ocorreionews.com.br\/acervo-correio\/index.php?rest_route=%2Fwp%2Fv2%2Fcategories&post=19797"},{"taxonomy":"post_tag","embeddable":true,"href":"https:\/\/www.ocorreionews.com.br\/acervo-correio\/index.php?rest_route=%2Fwp%2Fv2%2Ftags&post=19797"}],"curies":[{"name":"wp","href":"https:\/\/api.w.org\/{rel}","templated":true}]}}