{"id":198870,"date":"2022-02-19T06:53:13","date_gmt":"2022-02-19T10:53:13","guid":{"rendered":"https:\/\/www.ocorreionews.com.br\/acervo-correio\/?p=198870"},"modified":"2022-02-19T06:58:37","modified_gmt":"2022-02-19T10:58:37","slug":"pauta-para-a-sessao-ordinaria-desta-segunda-feira-22","status":"publish","type":"post","link":"https:\/\/www.ocorreionews.com.br\/acervo-correio\/?p=198870","title":{"rendered":"C\u00e2mara Municipal ter\u00e1 duas  Sess\u00f5es  Ordin\u00e1ria desta segunda-feira 21- Veja a pauta"},"content":{"rendered":"<p align=\"center\"><strong><u>PAUTA PARA A 1358\u00aa SESS\u00c3O ORDIN\u00c1RIA,<\/u><\/strong><\/p>\n<p align=\"center\"><strong><u>DA 2\u00aa<\/u><\/strong>\u00a0<strong><u>SESS\u00c3O<\/u><\/strong>\u00a0<strong><u>LEGISLATIVA,<\/u><\/strong><\/p>\n<p align=\"center\"><strong><u>DA 9\u00aa LEGISLATURA, A REALIZAR-SE<\/u><\/strong><\/p>\n<p align=\"center\"><strong><u>NO DIA 21\/02\/2022 \u2013 SEGUNDA -FEIRA<\/u><\/strong><\/p>\n<p align=\"center\"><strong><u>\u00c0S 18h<\/u><\/strong><\/p>\n<p align=\"center\">\n<p align=\"center\"><strong><u>EXPEDIENTE DE VEREADORES<\/u><\/strong><\/p>\n<p align=\"center\">\n<p><strong>Indica\u00e7\u00e3o n. 366\/2022 Vereadores Vanderson Cardoso, Alline Tontini, Andr\u00e9 dos Anjos e Tucano<\/strong><\/p>\n<p>INDICA-SE \u00e0 Mesa, na forma regimental, e depois de ouvido o Douto Plen\u00e1rio de Delibera\u00e7\u00f5es, o envio de expediente ao Prefeito Municipal, Jo\u00e3o Carlos Krug, com c\u00f3pia ao Secret\u00e1rio de Obras, Transportes e Servi\u00e7os P\u00fablicos Ivanor Zorzo, solicitando a implanta\u00e7\u00e3o de Sem\u00e1foros nos cruzamentos das principais Avenidas de nosso Munic\u00edpio. Refor\u00e7ando Indica\u00e7\u00e3o n\u00ba 170\/2021, de autoria deste Vereador.<\/p>\n<p>&nbsp;<\/p>\n<p><strong>Indica\u00e7\u00e3o n. 367\/2022 Vereador Vanderson Cardoso<\/strong><\/p>\n<p>INDICA-SE \u00e0 Mesa, na forma regimental, e depois de ouvido o Douto Plen\u00e1rio de Delibera\u00e7\u00f5es, o envio de expediente ao Prefeito Municipal, Jo\u00e3o Carlos Krug, com c\u00f3pia a Secret\u00e1ria de Sa\u00fade, Val\u00e9ria Lopes dos Santos, solicitando a compra de novos equipamentos para a realiza\u00e7\u00e3o de exames ginecol\u00f3gicos para atender a demanda da UBS Central, seriam eles: 2 focos, 1 sonar, 3 kits de Diu Centro de especialidades e 1 Maca ginecol\u00f3gica. Refor\u00e7ando Indica\u00e7\u00e3o n\u00ba 319\/2021, de autoria deste Vereador.<\/p>\n<p>&nbsp;<\/p>\n<p><strong>Indica\u00e7\u00e3o n. 368\/2022 Vereador Vanderson Cardoso<\/strong><\/p>\n<p>INDICA-SE \u00e0 Mesa, na forma regimental, e depois de ouvido o Douto Plen\u00e1rio de Delibera\u00e7\u00f5es, o envio de expediente ao Prefeito Municipal Jo\u00e3o Carlos Krug, com c\u00f3pia ao Secret\u00e1rio de Obras, Transportes e Servi\u00e7os P\u00fablicos, Ivanor Zorzo e ao Diretor do DEMUTRAN, Pedro Lopes, solicitando a instala\u00e7\u00e3o de Lombofaixas em frente \u00e0s Institui\u00e7\u00f5es Banc\u00e1rias, bem como, em frente a todas as Escolas P\u00fablicas do Munic\u00edpio. Refor\u00e7ando Indica\u00e7\u00e3o de n\u00ba 129\/2021, de autoria deste Vereador.<\/p>\n<p>&nbsp;<\/p>\n<p><strong>Indica\u00e7\u00e3o n. 369\/2022 Vereadores Emerson Sapo e Mika<\/strong><\/p>\n<p>INDICA-SE \u00e0 Mesa, na forma regimental, e depois de ouvido o Douto Plen\u00e1rio de Delibera\u00e7\u00f5es, o envio de expediente ao Prefeito Municipal, Jo\u00e3o Carlos Krug, com c\u00f3pia ao Secret\u00e1rio de Esportes, Juventude e Lazer, Altair Trentin, solicitando que seja revisto os valores que s\u00e3o cobrados para o uso dos campos municipais de society sint\u00e9tico e de grama natural. Sugerimos, que seja cobrado o valor de R$ 120,00 (cento e vinte reais) a hora.<\/p>\n<p>&nbsp;<\/p>\n<p><strong>Indica\u00e7\u00e3o n. 370\/2022 Vereador Andr\u00e9 dos Anjos<\/strong><\/p>\n<p>INDICA-SE \u00e0 Mesa, na forma regimental, e depois de ouvido o Douto Plen\u00e1rio de Delibera\u00e7\u00f5es, o envio de expediente ao Prefeito Municipal Jo\u00e3o Carlos Krug, com c\u00f3pia ao Secret\u00e1rio de Obras, Transportes e Servi\u00e7os P\u00fablicos, Ivanor Zorzo e ao Secret\u00e1rio de Infraestrutura e Projetos, Ricardo Bannak, solicitando que seja feito um Projeto, que contemple a revitaliza\u00e7\u00e3o e readequa\u00e7\u00e3o da Pra\u00e7a da Avenida Goi\u00e1s.<\/p>\n<p>&nbsp;<\/p>\n<p><strong>Indica\u00e7\u00e3o n. 371\/2022 Vereador Andr\u00e9 dos Anjos<\/strong><\/p>\n<p>INDICA-SE \u00e0 Mesa, na forma regimental, e depois de ouvido o Douto Plen\u00e1rio de Delibera\u00e7\u00f5es, o envio de expediente, ao Prefeito Municipal Jo\u00e3o Carlos Krug, com c\u00f3pia ao Secret\u00e1rio de Obras, Transportes e Servi\u00e7os P\u00fablicos, Ivanor Zorzo, e ao Diretor do DEMUTRAN, Pedro Lopes, solicitando para que seja feita uma parceria ou contrata\u00e7\u00e3o de empresa governamental ou privada para a realiza\u00e7\u00e3o de um estudo com objetivo de reordenar o tr\u00e2nsito no Munic\u00edpio. Refor\u00e7ando Indica\u00e7\u00e3o n\u00ba 36\/2021, de autoria deste Vereador.<\/p>\n<p>&nbsp;<\/p>\n<p><strong>Indica\u00e7\u00e3o n. 372\/2022 Vereadores Andr\u00e9 dos Anjos e Alline Tontini<\/strong><\/p>\n<p>INDICA-SE \u00e0 Mesa, na forma regimental, e depois de ouvido o Douto Plen\u00e1rio de Delibera\u00e7\u00f5es, o envio de expediente, ao Prefeito Municipal, Jo\u00e3o Carlos Krug, com c\u00f3pia ao Secret\u00e1rio do SEDEMA, Jos\u00e9 Teixeira J\u00fanior, solicitando que sejam contratados mais Veterin\u00e1rios, tanto para atender na \u00e1rea da fiscaliza\u00e7\u00e3o, quanto para a demanda de castra\u00e7\u00f5es. Refor\u00e7ando Indica\u00e7\u00e3o n\u00ba 228\/52021, de autoria do Vereador Vanderson Cardoso.<\/p>\n<p>&nbsp;<\/p>\n<p><strong>Indica\u00e7\u00e3o n. 373\/2022 Vereadora Prof.\u00aa Almira<\/strong><\/p>\n<p>INDICA-SE \u00e0 Mesa, na forma regimental, e depois de ouvido o Douto Plen\u00e1rio de Delibera\u00e7\u00f5es, o envio de expediente, ao Prefeito Municipal Jo\u00e3o Carlos Krug, com c\u00f3pia ao Diretor do DEMUTRAN, Pedro Lopes, solicitando para que seja revisto o sistema bin\u00e1rio da Rua Campo Grande, somente no trecho compreendido entre a Av. Mato Grosso do Sul e Rua Coxim, visando melhorar o acesso de pacientes, principalmente cadeirantes e idosos, ao Cento de Especialidades.<\/p>\n<p>&nbsp;<\/p>\n<p><strong>Indica\u00e7\u00e3o n. 374\/2022 Vereador Marcelo da Costa<\/strong><\/p>\n<p>INDICA-SE \u00e0 Mesa, na forma regimental, e depois de ouvido o Douto Plen\u00e1rio de Delibera\u00e7\u00f5es, o envio de expediente, ao Prefeito Municipal, Jo\u00e3o Carlos Krug, com c\u00f3pia ao Secret\u00e1rio de Educa\u00e7\u00e3o e Cultura, Guerino Perius, solicitando a destina\u00e7\u00e3o de Monitores para ficarem em todos os \u00f4nibus escolares, da Rede Municipal de Ensino, considerando o in\u00edcio do ano letivo. Refor\u00e7ando Indica\u00e7\u00e3o n\u00ba 288\/2021, de autoria deste Vereador.<\/p>\n<p>&nbsp;<\/p>\n<p><strong>Indica\u00e7\u00e3o n. 375\/2022 Vereador Marcelo da Costa<\/strong><\/p>\n<p>INDICA-SE \u00e0 Mesa, na forma regimental, e depois de ouvido o Douto Plen\u00e1rio de Delibera\u00e7\u00f5es, o envio de expediente, ao Prefeito Municipal, Jo\u00e3o Carlos Krug, com c\u00f3pia ao Secret\u00e1rio de Obras, Transportes e Servi\u00e7os P\u00fablicos, Ivanor Zorzo e ao Diretor do DEMUTRAN, Pedro Lopes, solicitando a implanta\u00e7\u00e3o de Lombofaixa na Avenida Dezesseis, em frente ao Hospital Municipal. Refor\u00e7ando Indica\u00e7\u00e3o n\u00ba 361\/2021, de autoria deste Vereador.<\/p>\n<p>&nbsp;<\/p>\n<p><strong>Indica\u00e7\u00e3o n. 376\/2022 Vereador Marcelo da Costa<\/strong><\/p>\n<p>INDICA-SE \u00e0 Mesa, na forma regimental, e depois de ouvido o Douto Plen\u00e1rio de Delibera\u00e7\u00f5es, o envio de expediente, ao Prefeito Municipal Jo\u00e3o Carlos Krug, com c\u00f3pia ao Secret\u00e1rio de Obras, Transportes e Servi\u00e7os P\u00fablicos, Ivanor Zorzo, solicitando a instala\u00e7\u00e3o de uma Academia ao Ar Livre na Pra\u00e7a do Bairro Esperan\u00e7a, localizada entre as Ruas D e I. Refor\u00e7ando Indica\u00e7\u00e3o n\u00ba 213\/2021, de autoria deste Vereador.<\/p>\n<p>&nbsp;<\/p>\n<p><strong>Indica\u00e7\u00e3o n. 377\/2022 Vereadora Alline Tontini<\/strong><\/p>\n<p>INDICA-SE \u00e0 Mesa, na forma regimental, e depois de ouvido o Douto Plen\u00e1rio de Delibera\u00e7\u00f5es, o envio de expediente, ao Prefeito Municipal, Jo\u00e3o Carlos Krug, solicitando a constru\u00e7\u00e3o de Parques adaptados para as crian\u00e7as portadoras de necessidades especiais em nosso Munic\u00edpio.<\/p>\n<p>&nbsp;<\/p>\n<p><strong>Indica\u00e7\u00e3o n. 378\/2022 Vereadora Alline Tontini<\/strong><\/p>\n<p>INDICA-SE \u00e0 Mesa, na forma regimental, e depois de ouvido o Douto Plen\u00e1rio de Delibera\u00e7\u00f5es, o envio de expediente, ao Prefeito Municipal, Jo\u00e3o Carlos Krug, com c\u00f3pia ao Secret\u00e1rio de Obras, Transportes e Servi\u00e7os P\u00fablicos, Ivanor Zorzo, para que possa construir uma cobertura na passarela saindo da Casa de Vel\u00f3rios e por toda sua extens\u00e3o dentro do Cemit\u00e9rio Municipal, e que fa\u00e7a a aquisi\u00e7\u00e3o de um Descensor autom\u00e1tico ou manual com rodas para caix\u00f5es e ainda Tendas, para utiliza\u00e7\u00e3o no Cemit\u00e9rio Municipal.<\/p>\n<p>&nbsp;<\/p>\n<p><strong>Indica\u00e7\u00e3o n. 379\/2022 Vereadora Alline Tontini e Vereador Vanderson Cardoso<\/strong><\/p>\n<p>INDICA-SE \u00e0 Mesa, na forma regimental, e depois de ouvido o Douto Plen\u00e1rio de Delibera\u00e7\u00f5es, o envio de expediente, ao Prefeito Municipal, Jo\u00e3o Carlos Krug, com c\u00f3pia ao Secret\u00e1rio de Obras, Transportes e Servi\u00e7os P\u00fablicos, Ivanor Zorzo, solicitando a constru\u00e7\u00e3o de uma Piscina Aquecida e um Quiosque, no Centro de Conviv\u00eancia do Idoso \u2013 Conviver. Refor\u00e7ando a Indica\u00e7\u00e3o de n\u00ba 183\/2021 de autoria destes Vereadores.<\/p>\n<p align=\"center\">\n<p align=\"center\"><strong><u>MENSAGEM DO EXECUTIVO<\/u><\/strong><\/p>\n<p>&#8211;\u00a0 Mensagem n\u00ba 003\/2022. Encaminha <strong>Projeto de Lei n\u00ba 56, de 16 de fevereiro de 2022. Executivo que: \u201cAltera reda\u00e7\u00e3o da Lei n\u00ba 1.283, de 10 de novembro de 2021, e d\u00e1 outras provid\u00eancias\u201d.<\/strong><\/p>\n<p>&nbsp;<\/p>\n<p>&nbsp;<\/p>\n<p align=\"center\"><strong>SECRETARIA DAS SESS\u00d5ES, 18 de fevereiro de 2022.<\/strong><\/p>\n<p align=\"center\">Jacqueline C. Tomiazzi Belotti,<\/p>\n<p align=\"center\">Coordenadora de Atividades Legislativa.<\/p>\n<p align=\"center\">\n<p align=\"center\"><strong><u>PAUTA PARA A 1359\u00aa SESS\u00c3O ORDIN\u00c1RIA,<\/u><\/strong><\/p>\n<p align=\"center\"><strong><u>DA 2\u00aa<\/u><\/strong>\u00a0<strong><u>SESS\u00c3O<\/u><\/strong>\u00a0<strong><u>LEGISLATIVA,<\/u><\/strong><\/p>\n<p align=\"center\"><strong><u>DA 9\u00aa LEGISLATURA, A REALIZAR-SE<\/u><\/strong><\/p>\n<p align=\"center\"><strong><u>NO DIA 21\/02\/2022 \u2013 SEGUNDA -FEIRA<\/u><\/strong><\/p>\n<p align=\"center\"><strong><u>\u00c0S 19h<\/u><\/strong><\/p>\n<p align=\"center\"><strong><u>EXPEDIENTE DE VEREADORES<\/u><\/strong><\/p>\n<p>&nbsp;<\/p>\n<p><strong>Indica\u00e7\u00e3o n. 380\/2022 Vereadora Alline Tontini<\/strong><\/p>\n<p>INDICA-SE \u00e0 Mesa, na forma regimental, e depois de ouvido o Douto Plen\u00e1rio de Delibera\u00e7\u00f5es, o envio de expediente, ao Prefeito Municipal Jo\u00e3o Carlos Krug, com c\u00f3pia ao Secret\u00e1rio de Educa\u00e7\u00e3o e Cultura, Guerino Perius, solicitando que seja institu\u00eddo em nosso Mun\u00edcipio um Projeto, aos moldes do M\u00fasica e Arte, por\u00e9m voltado para a cria\u00e7\u00e3o de uma Escola P\u00fablica de L\u00ednguas Estrangeiras, para atendimento dos estudantes da Rede Municipal de Ensino.<\/p>\n<p>&nbsp;<\/p>\n<p><strong>Indica\u00e7\u00e3o n. 381\/2022 Vereador Emerson Sapo<\/strong><\/p>\n<p>INDICA-SE \u00e0 Mesa, na forma regimental, e depois de ouvido o Douto Plen\u00e1rio de Delibera\u00e7\u00f5es, o envio de expediente, ao Prefeito Municipal Jo\u00e3o Carlos Krug, solicitando que a Prefeitura Municipal assuma os custos de materiais e m\u00e3o de obra, para a <em>liga\u00e7\u00e3o<\/em>\u00a0da rede de\u00a0<em>esgoto<\/em>\u00a0da moradia \u00e0\u00a0<em>fossa s\u00e9ptica, isso para im\u00f3veis <\/em>de pessoas inscritas na tarifa social de \u00e1gua\/esgoto.<\/p>\n<p>&nbsp;<\/p>\n<p><strong>Indica\u00e7\u00e3o n. 382\/2022 Vereador Emerson Sapo<\/strong><\/p>\n<p>INDICA-SE \u00e0 Mesa, na forma regimental, e depois de ouvido o Douto Plen\u00e1rio de Delibera\u00e7\u00f5es, o envio de expediente, ao Prefeito Municipal, Jo\u00e3o Carlos Krug, com c\u00f3pia a Secret\u00e1ria de Sa\u00fade, Val\u00e9ria Lopes dos Santos, solicitando para que seja alugada uma casa de apoio e repouso para abrigar exclusivamente pacientes de Chapad\u00e3o do Sul, que fazem tratamento Oncol\u00f3gico no Hospital do Amor em Jales. Refor\u00e7ando Indica\u00e7\u00e3o n\u00ba 290\/2021, de autoria deste Vereador.<\/p>\n<p>&nbsp;<\/p>\n<p><strong>Indica\u00e7\u00e3o n. 383\/2022 Vereador Vanderson Cardoso<\/strong><\/p>\n<p>INDICA-SE \u00e0 Mesa, na forma regimental, e depois de ouvido o Douto Plen\u00e1rio de Delibera\u00e7\u00f5es, o envio de expediente, ao Prefeito Municipal Jo\u00e3o Carlos Krug, com c\u00f3pia ao Secret\u00e1rio de Obras e Servi\u00e7os P\u00fablicos, Ivanor Zorzo, solicitando a implanta\u00e7\u00e3o de um espa\u00e7o arborizado e com bancos, denominado \u201cCantinho da Leitura\u201d, na \u00e1rea p\u00fablica localizada entre a Rua S\u00e3o Jos\u00e9 dos Pinhais e Rua Ita\u00fana do Sul.<\/p>\n<p>&nbsp;<\/p>\n<p><strong>Indica\u00e7\u00e3o n. 384\/2022 Vereador Andr\u00e9 dos Anjos <\/strong><\/p>\n<p>INDICA-SE \u00e0 Mesa, na forma regimental, e depois de ouvido o Douto Plen\u00e1rio de Delibera\u00e7\u00f5es, o envio de expediente, ao Prefeito Municipal Jo\u00e3o Carlos Krug, com c\u00f3pia ao Secret\u00e1rio de Obras, Transportes e Servi\u00e7os P\u00fablicos, Ivanor Zorzo e ao Secret\u00e1rio de Infraestrutura e Projetos, Ricardo Bannak, solicitando que seja feito um Projeto, que contemple a revitaliza\u00e7\u00e3o e readequa\u00e7\u00e3o da Avenida Trinta e tr\u00eas, com a instala\u00e7\u00e3o de ilumina\u00e7\u00e3o p\u00fablica de LED, recupera\u00e7\u00e3o do asfalto, implanta\u00e7\u00e3o de ciclovia e que a galeria de \u00e1guas pluviais a c\u00e9u aberto existente no local, seja transformada em uma rede de drenagem subterr\u00e2nea e que posteriormente seja feito o plantio de grama e jardinagem no local.<\/p>\n<p>&nbsp;<\/p>\n<p><strong>Indica\u00e7\u00e3o n. 385\/2022 Vereadora Prof.\u00aa Almira<\/strong><\/p>\n<p>INDICA-SE \u00e0 Mesa, na forma regimental, e depois de ouvido o Douto Plen\u00e1rio de Delibera\u00e7\u00f5es, o envio de expediente, ao Prefeito Municipal Jo\u00e3o Carlos Krug, com c\u00f3pia ao Diretor do DEMUTRAN, Pedro Lopes, solicitando para que seja revisto o sistema bin\u00e1rio da Rua Campo Grande, somente no trecho compreendido entre a Av. Mato Grosso do Sul e Rua Coxim, visando melhorar o acesso de pacientes, principalmente cadeirantes e idosos, ao Cento de Especialidades.<\/p>\n<p>&nbsp;<\/p>\n<p><strong>Indica\u00e7\u00e3o n. 386\/2022 Vereador Marcelo da Costa<\/strong><\/p>\n<p>INDICA-SE \u00e0 Mesa, na forma regimental, e depois de ouvido o Douto Plen\u00e1rio de Delibera\u00e7\u00f5es, o envio de expediente, ao Prefeito Municipal Jo\u00e3o Carlos Krug, com c\u00f3pia ao Secret\u00e1rio de Obras e Servi\u00e7os P\u00fablicos, Ivanor Zorzo, solicitando a constru\u00e7\u00e3o de um Ponto de \u00d4nibus, com cobertura e bancos, na Avenida das Gaivotas com a Avenida Grosso do Sul, para abrigar das condi\u00e7\u00f5es clim\u00e1ticas, os alunos que dependem do transporte escolar.<\/p>\n<p>&nbsp;<\/p>\n<p><strong>Indica\u00e7\u00e3o n. 387\/2022 Vereador Marcelo da Costa<\/strong><\/p>\n<p>INDICA-SE \u00e0 Mesa, na forma regimental, e depois de ouvido o Douto Plen\u00e1rio de Delibera\u00e7\u00f5es, o envio de expediente, ao Prefeito Municipal Jo\u00e3o Carlos Krug, com c\u00f3pia ao Secret\u00e1rio de Obras e Servi\u00e7os P\u00fablicos, Ivanor Zorzo, solicitando que sejam constru\u00eddas rampas de acesso para cadeirantes, nas faixas de pedestres da Avenida Oito.<\/p>\n<p>&nbsp;<\/p>\n<p><strong>Indica\u00e7\u00e3o n. 388\/2022 Vereadora Prof.\u00aa Almira<\/strong><\/p>\n<p>INDICA-SE \u00e0 Mesa, na forma regimental, e depois de ouvido o Douto Plen\u00e1rio de Delibera\u00e7\u00f5es, o envio de expediente, ao Prefeito Municipal Jo\u00e3o Carlos Krug, com c\u00f3pia ao Secret\u00e1rio de Obras e Servi\u00e7os P\u00fablicos, Ivanor Zorzo, solicitando que seja instalada ilumina\u00e7\u00e3o p\u00fablica nas duas travessias de pedestres, pr\u00f3ximas aos viadutos.<\/p>\n<p>&nbsp;<\/p>\n<p><strong>Indica\u00e7\u00e3o n. 389\/2022 Vereador Vanderson Cardoso<\/strong><\/p>\n<p>INDICA-SE \u00e0 Mesa, na forma regimental, e depois de ouvido o Douto Plen\u00e1rio de Delibera\u00e7\u00f5es, o envio de expediente ao Prefeito Municipal, Jo\u00e3o Carlos Krug, com c\u00f3pia a Secret\u00e1ria de Sa\u00fade, Val\u00e9ria Lopes dos Santos, solicitando que seja contratado um M\u00e9dico Endocrinologista, para atender a demanda da popula\u00e7\u00e3o Sul-Chapadense. Refor\u00e7ando Indica\u00e7\u00e3o n\u00ba 309\/2021, de autoria deste Vereador.<\/p>\n<p>&nbsp;<\/p>\n<p><strong>Indica\u00e7\u00e3o n. 390\/2022 Vereador Marcelo da Costa<\/strong><\/p>\n<p>INDICA-SE \u00e0 Mesa, na forma regimental, e depois de ouvido o Douto Plen\u00e1rio de Delibera\u00e7\u00f5es, o envio de expediente ao Prefeito Municipal, Jo\u00e3o Carlos Krug, com c\u00f3pia ao Secret\u00e1rio de Obras, Transportes e Servi\u00e7os P\u00fablicos, Ivanor Zorzo, solicitando que seja constru\u00eddo um ponto de apoio com bancos, ilumina\u00e7\u00e3o e poss\u00edvel cobertura, na Avenida Oito entre as Ruas 13 e 15, nas proximidades do Projeto Semear e Escola Carlos Drummond de Andrade.<\/p>\n<p>&nbsp;<\/p>\n<p><strong>Indica\u00e7\u00e3o n. 391\/2022 Vereador Vanderson Cardoso<\/strong><\/p>\n<p>INDICA-SE \u00e0 Mesa, na forma regimental, e depois de ouvido o Douto Plen\u00e1rio de Delibera\u00e7\u00f5es, o envio de expediente ao Prefeito Municipal, Jo\u00e3o Carlos Krug, com c\u00f3pia \u00e0 Secret\u00e1ria de Sa\u00fade, Val\u00e9ria Lopes dos Santos, solicitando a contrata\u00e7\u00e3o de mais um Profissional de Fonoaudiologia para o munic\u00edpio. Refor\u00e7ando a Indica\u00e7\u00e3o n\u00ba 311\/2021, de autoria deste Vereador.<\/p>\n<p>&nbsp;<\/p>\n<p align=\"center\"><strong>SECRETARIA DAS SESS\u00d5ES, 18 de fevereiro de 2022.<\/strong><\/p>\n<p align=\"center\">Jacqueline C. Tomiazzi Belotti,<\/p>\n<p align=\"center\">Coordenadora de Atividades Legislativa.<\/p>\n","protected":false},"excerpt":{"rendered":"<p>PAUTA PARA A 1358\u00aa SESS\u00c3O ORDIN\u00c1RIA, DA 2\u00aa\u00a0SESS\u00c3O\u00a0LEGISLATIVA, DA 9\u00aa LEGISLATURA, A REALIZAR-SE NO DIA 21\/02\/2022 \u2013 SEGUNDA -FEIRA \u00c0S 18h EXPEDIENTE DE VEREADORES Indica\u00e7\u00e3o n. 366\/2022 Vereadores Vanderson Cardoso, Alline Tontini, Andr\u00e9 dos Anjos e Tucano INDICA-SE \u00e0 Mesa, na forma regimental, e depois de ouvido o Douto Plen\u00e1rio de Delibera\u00e7\u00f5es, o envio de [&hellip;]<\/p>\n","protected":false},"author":5,"featured_media":197598,"comment_status":"closed","ping_status":"closed","sticky":false,"template":"","format":"standard","meta":{"footnotes":""},"categories":[20,23,41],"tags":[],"class_list":["post-198870","post","type-post","status-publish","format-standard","has-post-thumbnail","hentry","category-camara-municipal","category-chapadao-do-sul","category-destaque"],"_links":{"self":[{"href":"https:\/\/www.ocorreionews.com.br\/acervo-correio\/index.php?rest_route=\/wp\/v2\/posts\/198870","targetHints":{"allow":["GET"]}}],"collection":[{"href":"https:\/\/www.ocorreionews.com.br\/acervo-correio\/index.php?rest_route=\/wp\/v2\/posts"}],"about":[{"href":"https:\/\/www.ocorreionews.com.br\/acervo-correio\/index.php?rest_route=\/wp\/v2\/types\/post"}],"author":[{"embeddable":true,"href":"https:\/\/www.ocorreionews.com.br\/acervo-correio\/index.php?rest_route=\/wp\/v2\/users\/5"}],"replies":[{"embeddable":true,"href":"https:\/\/www.ocorreionews.com.br\/acervo-correio\/index.php?rest_route=%2Fwp%2Fv2%2Fcomments&post=198870"}],"version-history":[{"count":1,"href":"https:\/\/www.ocorreionews.com.br\/acervo-correio\/index.php?rest_route=\/wp\/v2\/posts\/198870\/revisions"}],"predecessor-version":[{"id":198904,"href":"https:\/\/www.ocorreionews.com.br\/acervo-correio\/index.php?rest_route=\/wp\/v2\/posts\/198870\/revisions\/198904"}],"wp:featuredmedia":[{"embeddable":true,"href":"https:\/\/www.ocorreionews.com.br\/acervo-correio\/index.php?rest_route=\/wp\/v2\/media\/197598"}],"wp:attachment":[{"href":"https:\/\/www.ocorreionews.com.br\/acervo-correio\/index.php?rest_route=%2Fwp%2Fv2%2Fmedia&parent=198870"}],"wp:term":[{"taxonomy":"category","embeddable":true,"href":"https:\/\/www.ocorreionews.com.br\/acervo-correio\/index.php?rest_route=%2Fwp%2Fv2%2Fcategories&post=198870"},{"taxonomy":"post_tag","embeddable":true,"href":"https:\/\/www.ocorreionews.com.br\/acervo-correio\/index.php?rest_route=%2Fwp%2Fv2%2Ftags&post=198870"}],"curies":[{"name":"wp","href":"https:\/\/api.w.org\/{rel}","templated":true}]}}