{"id":198897,"date":"2022-02-19T06:52:31","date_gmt":"2022-02-19T10:52:31","guid":{"rendered":"https:\/\/www.ocorreionews.com.br\/acervo-correio\/?p=198897"},"modified":"2022-02-19T06:52:31","modified_gmt":"2022-02-19T10:52:31","slug":"vacinacao-contra-covid-19-acontece-neste-sabado-19-na-esf-sibipiruna-vacine-se","status":"publish","type":"post","link":"https:\/\/www.ocorreionews.com.br\/acervo-correio\/?p=198897","title":{"rendered":"Vacina\u00e7\u00e3o contra Covid-19 acontece neste s\u00e1bado, 19, na ESF Sibipiruna: Vacine-se"},"content":{"rendered":"<p>A Prefeitura de Chapad\u00e3o do Sul atrav\u00e9s da Secretaria de Sa\u00fade, informa a popula\u00e7\u00e3o sul-chapadense que a Vacina\u00e7\u00e3o contra a Covid-19 ser\u00e1 realizada neste s\u00e1bado, 19, na ESF Sibipiruna, localizada na Av. Rio Grande do Norte, n\u00ba 1.898, das 7h \u00e0s 16h.<\/p>\n<p>Podem receber a primeira dose do imunizante qualquer adolescente de 12 a 17 anos e adultos acima de 18 anos, al\u00e9m das crian\u00e7as de 05 a 11 anos. A segunda dose do imunizante tamb\u00e9m est\u00e1 dispon\u00edvel para quem recebeu a primeira de Coronavac, Astrazeneca e Pfizer, mesmo que esteja em atraso. J\u00e1 a terceira dose \u00e9 aplicada para qualquer pessoa acima de 18 que tenha recebido a segunda dose h\u00e1 4 meses. A quarta dose est\u00e1 dispon\u00edvel para pessoas acima de 60 anos e profissionais da sa\u00fade ativos que tenham tomado a 3\u00aa dose h\u00e1 4 meses e imunossuprimidos e gestantes que tenham tomado a cinco meses. A dose de refor\u00e7o de Janssen tamb\u00e9m est\u00e1 dispon\u00edvel.<\/p>\n<p><strong>Vacine-se<\/strong><\/p>\n<p>A pessoa que n\u00e3o completa o esquema vacinal fica mais vulner\u00e1vel \u00e0 infec\u00e7\u00e3o pelo novo coronav\u00edrus do que aquela que recebeu as duas doses e a dose de refor\u00e7o. Ou seja, al\u00e9m de se expor ao risco de ser contaminado e adoecer, esse indiv\u00edduo n\u00e3o ajuda a controlar a circula\u00e7\u00e3o do v\u00edrus. E tem mais: a vacina\u00e7\u00e3o incompleta pode criar um ambiente prop\u00edcio para o surgimento de vers\u00f5es ainda mais resistentes do coronav\u00edrus.<\/p>\n<p>Se voc\u00ea se lembrou da data de retorno ou mudou de ideia sobre a import\u00e2ncia da nova dose e perdeu o prazo, vale o dito popular \u201cantes tarde do que nunca\u201d. Mesmo fora do prazo, \u00e9 absolutamente relevante concluir o esquema vacinal. Completar esse esquema n\u00e3o quer dizer reiniciar a contagem e tomar a primeira dose do imunizante novamente. Basta tomar a segunda dose e seguir a vida, tomando os cuidados necess\u00e1rios at\u00e9 que a vacina chegue no bra\u00e7o de todos.<\/p>\n","protected":false},"excerpt":{"rendered":"<p>A Prefeitura de Chapad\u00e3o do Sul atrav\u00e9s da Secretaria de Sa\u00fade, informa a popula\u00e7\u00e3o sul-chapadense que a Vacina\u00e7\u00e3o contra a Covid-19 ser\u00e1 realizada neste s\u00e1bado, 19, na ESF Sibipiruna, localizada na Av. Rio Grande do Norte, n\u00ba 1.898, das 7h \u00e0s 16h. Podem receber a primeira dose do imunizante qualquer adolescente de 12 a 17 [&hellip;]<\/p>\n","protected":false},"author":4,"featured_media":198898,"comment_status":"closed","ping_status":"closed","sticky":false,"template":"","format":"standard","meta":{"footnotes":""},"categories":[23,39],"tags":[],"class_list":["post-198897","post","type-post","status-publish","format-standard","has-post-thumbnail","hentry","category-chapadao-do-sul","category-saude"],"_links":{"self":[{"href":"https:\/\/www.ocorreionews.com.br\/acervo-correio\/index.php?rest_route=\/wp\/v2\/posts\/198897","targetHints":{"allow":["GET"]}}],"collection":[{"href":"https:\/\/www.ocorreionews.com.br\/acervo-correio\/index.php?rest_route=\/wp\/v2\/posts"}],"about":[{"href":"https:\/\/www.ocorreionews.com.br\/acervo-correio\/index.php?rest_route=\/wp\/v2\/types\/post"}],"author":[{"embeddable":true,"href":"https:\/\/www.ocorreionews.com.br\/acervo-correio\/index.php?rest_route=\/wp\/v2\/users\/4"}],"replies":[{"embeddable":true,"href":"https:\/\/www.ocorreionews.com.br\/acervo-correio\/index.php?rest_route=%2Fwp%2Fv2%2Fcomments&post=198897"}],"version-history":[{"count":1,"href":"https:\/\/www.ocorreionews.com.br\/acervo-correio\/index.php?rest_route=\/wp\/v2\/posts\/198897\/revisions"}],"predecessor-version":[{"id":198899,"href":"https:\/\/www.ocorreionews.com.br\/acervo-correio\/index.php?rest_route=\/wp\/v2\/posts\/198897\/revisions\/198899"}],"wp:featuredmedia":[{"embeddable":true,"href":"https:\/\/www.ocorreionews.com.br\/acervo-correio\/index.php?rest_route=\/wp\/v2\/media\/198898"}],"wp:attachment":[{"href":"https:\/\/www.ocorreionews.com.br\/acervo-correio\/index.php?rest_route=%2Fwp%2Fv2%2Fmedia&parent=198897"}],"wp:term":[{"taxonomy":"category","embeddable":true,"href":"https:\/\/www.ocorreionews.com.br\/acervo-correio\/index.php?rest_route=%2Fwp%2Fv2%2Fcategories&post=198897"},{"taxonomy":"post_tag","embeddable":true,"href":"https:\/\/www.ocorreionews.com.br\/acervo-correio\/index.php?rest_route=%2Fwp%2Fv2%2Ftags&post=198897"}],"curies":[{"name":"wp","href":"https:\/\/api.w.org\/{rel}","templated":true}]}}