{"id":198905,"date":"2022-02-19T07:39:41","date_gmt":"2022-02-19T11:39:41","guid":{"rendered":"https:\/\/www.ocorreionews.com.br\/acervo-correio\/?p=198905"},"modified":"2022-02-19T07:39:41","modified_gmt":"2022-02-19T11:39:41","slug":"sala-do-empreendedor-de-costa-rica-ganha-novo-layout-e-e-reinaugurada-pelo-sebrae-ms-e-prefeitura","status":"publish","type":"post","link":"https:\/\/www.ocorreionews.com.br\/acervo-correio\/?p=198905","title":{"rendered":"Sala do Empreendedor de Costa Rica ganha novo layout e \u00e9 reinaugurada pelo Sebrae\/MS e prefeitura"},"content":{"rendered":"<p>Nessa quinta-feira (17), durante o Dia da Oportunidade, o Sebrae\/MS, por meio do programa Cidade Empreendedora, entregou para a Prefeitura Municipal de Costa Rica um novo layout para a Sala do Empreendedor. O espa\u00e7o foi reinaugurado, ap\u00f3s ser reformulado com uma nova proposta de comunica\u00e7\u00e3o visual que tem o objetivo de melhorar o atendimento aos empreendedores locais.<br aria-hidden=\"true\" \/><br aria-hidden=\"true\" \/>Durante a reinaugura\u00e7\u00e3o, entre as autoridades, estiveram presentes o diretor-superintendente do Sebrae\/MS, Claudio Mendon\u00e7a; prefeito de Costa Rica, Cleverson Alves; presidente da Associa\u00e7\u00e3o Comercial, Industrial e Agropastoril de Costa Rica (ACIACRI), Luis Bocalan; secret\u00e1rio especial de Estado do Escrit\u00f3rio de Assuntos Estrat\u00e9gicos com os Munic\u00edpios da Casa Civil, Marco Aur\u00e9lio Santullo; e o vice-presidente da C\u00e2mara Municipal de Costa Rica, Jovenaldo Francisco dos Santos.<br aria-hidden=\"true\" \/><br aria-hidden=\"true\" \/>Em Costa Rica, a Sala do Empreendedor funciona na sede da ACIACRI e desempenha um papel importante de apoio aos pequenos neg\u00f3cios locais. No ano passado, quando o Sebrae\/MS entregou para o munic\u00edpio o Plano de Desenvolvimento Econ\u00f4mico, tamb\u00e9m foi disponibilizado para a Sala do Empreendedor um kit composto por dois notebooks e camisetas, al\u00e9m de um memorial descritivo do projeto que iria ser executado.<br aria-hidden=\"true\" \/><br aria-hidden=\"true\" \/>O prefeito de Costa Rica destacou os n\u00fameros de atendimentos realizados pelo local do ano passado para c\u00e1 e a import\u00e2ncia das parcerias para o desenvolvimento do trabalho. \u201cMais de 500 empreendedores foram atendidos e houve a formaliza\u00e7\u00e3o de quase 200 microempreendedores individuais que agora podem usufruir de benef\u00edcios e programas da prefeitura e tamb\u00e9m do governo estadual e federal, ent\u00e3o, essa nova formata\u00e7\u00e3o da Sala do Empreendedor trazida pelo Sebrae junto com a nossa parceria com a Associa\u00e7\u00e3o Comercial para que o espa\u00e7o funcione l\u00e1 dentro, representa inova\u00e7\u00e3o aqui para Costa Rica e n\u00f3s imaginamos que ser\u00e1 um case de sucesso\u201d, enfatizou Cleverson.<br aria-hidden=\"true\" \/><br aria-hidden=\"true\" \/>De acordo com a gerente da Regional Norte do Sebrae\/MS, Luzicarla Softov, a reinaugura\u00e7\u00e3o do espa\u00e7o ir\u00e1 aproximar ainda mais o empreendedor e melhorar o atendimento. \u201cA reinaugura\u00e7\u00e3o vem para dar mais visibilidade \u00e0 sala, que \u00e9 um espa\u00e7o de atendimento ao empres\u00e1rio. Com o modelo \u2018franquia\u2019, o Sebrae padronizou o layout da Sala do Empreendedor nos munic\u00edpios Cidade Empreendedora, com a inten\u00e7\u00e3o de aproximar o local do pequeno empreendedor, que pode aproveitar as orienta\u00e7\u00f5es, consultorias e capacita\u00e7\u00f5es por meio deste ambiente\u201d, destacou.<br aria-hidden=\"true\" \/><br aria-hidden=\"true\" \/>Para a agente de desenvolvimento que atua no espa\u00e7o, Nayara Matos, o processo de reformula\u00e7\u00e3o da Sala do Empreendedor de Costa Rica foi importante para o munic\u00edpio e ir\u00e1 agregar no atendimento ao micro e pequeno empreendedor. \u201cEsta sala ainda \u00e9 pouco conhecida aqui na cidade. A partir de agora, com a cria\u00e7\u00e3o da nossa identidade visual e as outras melhorias, os clientes ir\u00e3o conhecer melhor nosso trabalho e aproveitar os benef\u00edcios gratuitos que oferecemos aqui\u201d, comentou a representante de prefeitura.<br aria-hidden=\"true\" \/><br aria-hidden=\"true\" \/><b>Servi\u00e7o<\/b><br aria-hidden=\"true\" \/><br aria-hidden=\"true\" \/>Com atendimento voltado para esclarecer d\u00favidas e auxiliar o empres\u00e1rio na regulariza\u00e7\u00e3o do empreendimento, al\u00e9m de dar suporte ao Microempreendedor Individual (MEI), a Sala do Empreendedor de Costa Rica est\u00e1 localizada na sede da ACIACRI que fica na Rua T\u00e9rcio Teixeira Machado, n\u00ba679. O hor\u00e1rio de funcionamento, pela manh\u00e3, \u00e9 das 7h \u00e0s 11h e, no per\u00edodo vespertino, das 13h \u00e0s 17h.<br aria-hidden=\"true\" \/><br aria-hidden=\"true\" \/>Dentre os servi\u00e7os oferecidos est\u00e1 a emiss\u00e3o de alvar\u00e1s; cadastros, e orienta\u00e7\u00f5es a respeito de estrat\u00e9gias para a melhoria do neg\u00f3cio e obten\u00e7\u00e3o de microcr\u00e9dito junto aos bancos, al\u00e9m da promo\u00e7\u00e3o de cursos e capacita\u00e7\u00f5es. Para obter mais informa\u00e7\u00f5es sobre o atendimento, entre com contato com o local por meio do n\u00famero (67) 99620-5110.<br aria-hidden=\"true\" \/><br aria-hidden=\"true\" \/>Saiba mais sobre o programa Cidade Empreendedora por meio do n\u00famero 0800 570 0800 ou acesse o site <b><a href=\"https:\/\/seblink.sebrae.ms\/cl\/PMwop\/EpI\/2e23\/NvoJL7gjH56\/BNpD\/MLO2VU5z_QM\/1\/\" target=\"_blank\" rel=\"noopener noreferrer\" data-auth=\"NotApplicable\" data-linkindex=\"2\">aqui<\/a><\/b>.<\/p>\n<p>Assessoria de Imprensa<\/p>\n","protected":false},"excerpt":{"rendered":"<p>Nessa quinta-feira (17), durante o Dia da Oportunidade, o Sebrae\/MS, por meio do programa Cidade Empreendedora, entregou para a Prefeitura Municipal de Costa Rica um novo layout para a Sala do Empreendedor. O espa\u00e7o foi reinaugurado, ap\u00f3s ser reformulado com uma nova proposta de comunica\u00e7\u00e3o visual que tem o objetivo de melhorar o atendimento aos [&hellip;]<\/p>\n","protected":false},"author":4,"featured_media":198906,"comment_status":"closed","ping_status":"closed","sticky":false,"template":"","format":"standard","meta":{"footnotes":""},"categories":[25],"tags":[],"class_list":["post-198905","post","type-post","status-publish","format-standard","has-post-thumbnail","hentry","category-costa-rica"],"_links":{"self":[{"href":"https:\/\/www.ocorreionews.com.br\/acervo-correio\/index.php?rest_route=\/wp\/v2\/posts\/198905","targetHints":{"allow":["GET"]}}],"collection":[{"href":"https:\/\/www.ocorreionews.com.br\/acervo-correio\/index.php?rest_route=\/wp\/v2\/posts"}],"about":[{"href":"https:\/\/www.ocorreionews.com.br\/acervo-correio\/index.php?rest_route=\/wp\/v2\/types\/post"}],"author":[{"embeddable":true,"href":"https:\/\/www.ocorreionews.com.br\/acervo-correio\/index.php?rest_route=\/wp\/v2\/users\/4"}],"replies":[{"embeddable":true,"href":"https:\/\/www.ocorreionews.com.br\/acervo-correio\/index.php?rest_route=%2Fwp%2Fv2%2Fcomments&post=198905"}],"version-history":[{"count":1,"href":"https:\/\/www.ocorreionews.com.br\/acervo-correio\/index.php?rest_route=\/wp\/v2\/posts\/198905\/revisions"}],"predecessor-version":[{"id":198907,"href":"https:\/\/www.ocorreionews.com.br\/acervo-correio\/index.php?rest_route=\/wp\/v2\/posts\/198905\/revisions\/198907"}],"wp:featuredmedia":[{"embeddable":true,"href":"https:\/\/www.ocorreionews.com.br\/acervo-correio\/index.php?rest_route=\/wp\/v2\/media\/198906"}],"wp:attachment":[{"href":"https:\/\/www.ocorreionews.com.br\/acervo-correio\/index.php?rest_route=%2Fwp%2Fv2%2Fmedia&parent=198905"}],"wp:term":[{"taxonomy":"category","embeddable":true,"href":"https:\/\/www.ocorreionews.com.br\/acervo-correio\/index.php?rest_route=%2Fwp%2Fv2%2Fcategories&post=198905"},{"taxonomy":"post_tag","embeddable":true,"href":"https:\/\/www.ocorreionews.com.br\/acervo-correio\/index.php?rest_route=%2Fwp%2Fv2%2Ftags&post=198905"}],"curies":[{"name":"wp","href":"https:\/\/api.w.org\/{rel}","templated":true}]}}