{"id":199612,"date":"2022-02-25T15:32:11","date_gmt":"2022-02-25T19:32:11","guid":{"rendered":"https:\/\/www.ocorreionews.com.br\/acervo-correio\/?p=199612"},"modified":"2022-02-25T15:32:11","modified_gmt":"2022-02-25T19:32:11","slug":"video-sucuri-amarela-come-arara-caninde-em-ms-extremamente-raro","status":"publish","type":"post","link":"https:\/\/www.ocorreionews.com.br\/acervo-correio\/?p=199612","title":{"rendered":"V\u00cdDEO: Sucuri-amarela come arara-canind\u00e9 em MS: &#8216;extremamente raro&#8217;"},"content":{"rendered":"<p>Uma sucuri-amarela foi flagrada se alimentando de uma arara-canind\u00e9 na fazenda Ba\u00eda das Pedras, no Pantanal de Mato Grosso do Sul esta semana. O registro foi compartilhado pelo Instituto Arara Azul nas redes sociais, impressionou os trabalhadores acostumados com a fauna e chocou quem assistiu \u00e0 grava\u00e7\u00e3o da cobra devorando a ave.<\/p>\n<p>De acordo com o relato de quem fez o v\u00eddeo, as araras estavam em territ\u00f3rio natural, onde\u00a0 v\u00e1rias aves da esp\u00e9cie se re\u00fanem para dormir na fazenda. Faminta, a cobra acabou surpreendendo as aves e atacando uma delas.<\/p>\n<p>&#8220;Al\u00e9m de aves, a sucuri-amarela se alimenta de ovos, mam\u00edferos e r\u00e9pteis. Eventos como esse raramente s\u00e3o observados na natureza&#8221;, declarou o Instituto Arara Azul. Assista:<\/p>\n<div class=\"instagram\" contenteditable=\"false\"><iframe id=\"instagram-embed-0\" class=\"instagram-media instagram-media-rendered\" src=\"https:\/\/www.instagram.com\/reel\/CaYQpDLJlSo\/embed\/?cr=1&amp;v=14&amp;wp=540&amp;rd=https%3A%2F%2Fmidiamax.uol.com.br&amp;rp=%2Fmidiamais%2F2022%2Fvideo-extremamente-raro-sucuri-amarela-come-arara-caninde-em-mato-grosso-do-sul#%7B%22ci%22%3A0%2C%22os%22%3A3481%2C%22ls%22%3A2911%2C%22le%22%3A3176%7D\" height=\"880\" frameborder=\"0\" scrolling=\"no\" allowfullscreen=\"allowfullscreen\" data-instgrm-payload-id=\"instagram-media-payload-0\" data-mce-fragment=\"1\"><\/iframe><\/div>\n<p>O dormit\u00f3rio fica nas palmeiras pr\u00f3ximas \u00e0 sede, que foi onde a serpente achou sua refei\u00e7\u00e3o. &#8220;Outro evento similar, uma arara-vermelha sendo predada por uma jiboia, j\u00e1 foi reportado no Buraco das Araras, em Jardim, em 2019. Mas este \u00e9 o primeiro registro que tomamos conhecimento com sucuri e arara&#8221;, afirmou o Instituto ao compartilhar as fortes imagens.<\/p>\n<p>Por fim, o Arara Azul deixou um agradecimento aos envolvidos na capta\u00e7\u00e3o desse momento. &#8220;Obrigado Vicente Lima por gravar esse fato e Projeto Tatu-Canastra, Arnaud e Fazenda Ba\u00eda das Pedras por compartilhar esse registro incr\u00edvel!&#8221;, finalizou a organiza\u00e7\u00e3o.<\/p>\n<h3><strong>&#8220;Que d\u00f3&#8221;<\/strong><\/h3>\n<p>A cena da sucuri se alimentando da ave deixou os seguidores do Instituto de boca aberta. &#8220;N\u00e3o sei lidar com isso. Que d\u00f3&#8221;, &#8220;Que triste ver essa cena&#8221;, &#8220;Faz parte do ciclo da natureza, mas \u00e9 t\u00e3o triste&#8230;&#8221; e &#8220;N\u00e3\u00e3\u00e3\u00e3\u00e3ooooo&#8221;, foram alguns dos coment\u00e1rios mais comovidos na publica\u00e7\u00e3o.<\/p>\n<p>Atenta \u00e0 como\u00e7\u00e3o, a Organiza\u00e7\u00e3o tratou de tranquilizar os &#8220;telespectadores&#8221; do registro dizendo: &#8220;Apesar de inusitados e dram\u00e1ticos, esses encontros fazem parte do ciclo natural da vida&#8221;.<\/p>\n<p>&nbsp;<\/p>\n<p>&nbsp;<\/p>\n<p>*Midiamax &#8211; Jo\u00e3o Ramos<\/p>\n","protected":false},"excerpt":{"rendered":"<p>Uma sucuri-amarela foi flagrada se alimentando de uma arara-canind\u00e9 na fazenda Ba\u00eda das Pedras, no Pantanal de Mato Grosso do Sul esta semana. O registro foi compartilhado pelo Instituto Arara Azul nas redes sociais, impressionou os trabalhadores acostumados com a fauna e chocou quem assistiu \u00e0 grava\u00e7\u00e3o da cobra devorando a ave. De acordo com [&hellip;]<\/p>\n","protected":false},"author":5,"featured_media":199613,"comment_status":"closed","ping_status":"closed","sticky":false,"template":"","format":"standard","meta":{"footnotes":""},"categories":[31],"tags":[],"class_list":["post-199612","post","type-post","status-publish","format-standard","has-post-thumbnail","hentry","category-geral"],"_links":{"self":[{"href":"https:\/\/www.ocorreionews.com.br\/acervo-correio\/index.php?rest_route=\/wp\/v2\/posts\/199612","targetHints":{"allow":["GET"]}}],"collection":[{"href":"https:\/\/www.ocorreionews.com.br\/acervo-correio\/index.php?rest_route=\/wp\/v2\/posts"}],"about":[{"href":"https:\/\/www.ocorreionews.com.br\/acervo-correio\/index.php?rest_route=\/wp\/v2\/types\/post"}],"author":[{"embeddable":true,"href":"https:\/\/www.ocorreionews.com.br\/acervo-correio\/index.php?rest_route=\/wp\/v2\/users\/5"}],"replies":[{"embeddable":true,"href":"https:\/\/www.ocorreionews.com.br\/acervo-correio\/index.php?rest_route=%2Fwp%2Fv2%2Fcomments&post=199612"}],"version-history":[{"count":1,"href":"https:\/\/www.ocorreionews.com.br\/acervo-correio\/index.php?rest_route=\/wp\/v2\/posts\/199612\/revisions"}],"predecessor-version":[{"id":199614,"href":"https:\/\/www.ocorreionews.com.br\/acervo-correio\/index.php?rest_route=\/wp\/v2\/posts\/199612\/revisions\/199614"}],"wp:featuredmedia":[{"embeddable":true,"href":"https:\/\/www.ocorreionews.com.br\/acervo-correio\/index.php?rest_route=\/wp\/v2\/media\/199613"}],"wp:attachment":[{"href":"https:\/\/www.ocorreionews.com.br\/acervo-correio\/index.php?rest_route=%2Fwp%2Fv2%2Fmedia&parent=199612"}],"wp:term":[{"taxonomy":"category","embeddable":true,"href":"https:\/\/www.ocorreionews.com.br\/acervo-correio\/index.php?rest_route=%2Fwp%2Fv2%2Fcategories&post=199612"},{"taxonomy":"post_tag","embeddable":true,"href":"https:\/\/www.ocorreionews.com.br\/acervo-correio\/index.php?rest_route=%2Fwp%2Fv2%2Ftags&post=199612"}],"curies":[{"name":"wp","href":"https:\/\/api.w.org\/{rel}","templated":true}]}}