{"id":199638,"date":"2022-02-26T07:28:11","date_gmt":"2022-02-26T11:28:11","guid":{"rendered":"https:\/\/www.ocorreionews.com.br\/acervo-correio\/?p=199638"},"modified":"2022-02-26T07:28:11","modified_gmt":"2022-02-26T11:28:11","slug":"tentativa-de-homicidio-em-costa-rica","status":"publish","type":"post","link":"https:\/\/www.ocorreionews.com.br\/acervo-correio\/?p=199638","title":{"rendered":"Tentativa de homic\u00eddio em Costa Rica"},"content":{"rendered":"<p>No fim da noite de sexta-feira (25) a Pol\u00edcia Militar de Costa Rica foi acionada ap\u00f3s um idoso, b\u00eabado, esfaquear um homem de 47 anos.<\/p>\n<p>De acordo com o boletim de ocorr\u00eancia, ao chegarem ao local, o idoso estava com a faca na m\u00e3o e em vis\u00edvel estado de embriaguez. A v\u00edtima, por sua vez, foi socorrida pelo Corpo de Bombeiros com um ferimento no abd\u00f4men.<\/p>\n<p>No relato policial o idoso n\u00e3o se manifestou sobre o que teria motivado a briga e a agress\u00e3o. O caso foi registrado como homic\u00eddio simples na forma tentada na Delegacia de Policia de Costa Rica.<\/p>\n<p><span class=\"data fz12 black uppercase\"> Fonte: MS Todo Dia<br \/>\n<\/span><\/p>\n","protected":false},"excerpt":{"rendered":"<p>No fim da noite de sexta-feira (25) a Pol\u00edcia Militar de Costa Rica foi acionada ap\u00f3s um idoso, b\u00eabado, esfaquear um homem de 47 anos. De acordo com o boletim de ocorr\u00eancia, ao chegarem ao local, o idoso estava com a faca na m\u00e3o e em vis\u00edvel estado de embriaguez. A v\u00edtima, por sua vez, [&hellip;]<\/p>\n","protected":false},"author":4,"featured_media":148329,"comment_status":"closed","ping_status":"closed","sticky":false,"template":"","format":"standard","meta":{"footnotes":""},"categories":[38],"tags":[],"class_list":["post-199638","post","type-post","status-publish","format-standard","has-post-thumbnail","hentry","category-policia"],"_links":{"self":[{"href":"https:\/\/www.ocorreionews.com.br\/acervo-correio\/index.php?rest_route=\/wp\/v2\/posts\/199638","targetHints":{"allow":["GET"]}}],"collection":[{"href":"https:\/\/www.ocorreionews.com.br\/acervo-correio\/index.php?rest_route=\/wp\/v2\/posts"}],"about":[{"href":"https:\/\/www.ocorreionews.com.br\/acervo-correio\/index.php?rest_route=\/wp\/v2\/types\/post"}],"author":[{"embeddable":true,"href":"https:\/\/www.ocorreionews.com.br\/acervo-correio\/index.php?rest_route=\/wp\/v2\/users\/4"}],"replies":[{"embeddable":true,"href":"https:\/\/www.ocorreionews.com.br\/acervo-correio\/index.php?rest_route=%2Fwp%2Fv2%2Fcomments&post=199638"}],"version-history":[{"count":1,"href":"https:\/\/www.ocorreionews.com.br\/acervo-correio\/index.php?rest_route=\/wp\/v2\/posts\/199638\/revisions"}],"predecessor-version":[{"id":199639,"href":"https:\/\/www.ocorreionews.com.br\/acervo-correio\/index.php?rest_route=\/wp\/v2\/posts\/199638\/revisions\/199639"}],"wp:featuredmedia":[{"embeddable":true,"href":"https:\/\/www.ocorreionews.com.br\/acervo-correio\/index.php?rest_route=\/wp\/v2\/media\/148329"}],"wp:attachment":[{"href":"https:\/\/www.ocorreionews.com.br\/acervo-correio\/index.php?rest_route=%2Fwp%2Fv2%2Fmedia&parent=199638"}],"wp:term":[{"taxonomy":"category","embeddable":true,"href":"https:\/\/www.ocorreionews.com.br\/acervo-correio\/index.php?rest_route=%2Fwp%2Fv2%2Fcategories&post=199638"},{"taxonomy":"post_tag","embeddable":true,"href":"https:\/\/www.ocorreionews.com.br\/acervo-correio\/index.php?rest_route=%2Fwp%2Fv2%2Ftags&post=199638"}],"curies":[{"name":"wp","href":"https:\/\/api.w.org\/{rel}","templated":true}]}}