{"id":199640,"date":"2022-02-26T07:30:08","date_gmt":"2022-02-26T11:30:08","guid":{"rendered":"https:\/\/www.ocorreionews.com.br\/acervo-correio\/?p=199640"},"modified":"2022-02-26T07:30:08","modified_gmt":"2022-02-26T11:30:08","slug":"legislativo-de-alcinopolis-apresenta-o-rgf-referente-ao-2o-semestre-de-2021-em-audiencia-publica","status":"publish","type":"post","link":"https:\/\/www.ocorreionews.com.br\/acervo-correio\/?p=199640","title":{"rendered":"Legislativo de Alcin\u00f3polis apresenta o RGF referente ao 2\u00ba semestre de 2021 em Audi\u00eancia P\u00fablica"},"content":{"rendered":"<p>Foi realizada uma Audi\u00eancia P\u00fablica para a apresenta\u00e7\u00e3o do Relat\u00f3rio de Gest\u00e3o Fiscal \u2013 RGF, do Legislativo e Executivo, referente ao 2\u00ba semestre de 2021, e do Relat\u00f3rio Resumido da Execu\u00e7\u00e3o Or\u00e7ament\u00e1ria \u2013 RREO do 6\u00ba bimestre de 2021 do Poder Executivo, conforme determina a Lei Complementar n\u00ba 101\/2000.<\/p>\n<p>Ap\u00f3s a apresenta\u00e7\u00e3o do contador Agonc\u00edlio Pereira, do Executivo, houve a exposi\u00e7\u00e3o do Legislativo, conduzida pelo contador Eliandro dos Santos Rezende.<\/p>\n<p>Devido as recomenda\u00e7\u00f5es e medidas adotadas para se evitar a prolifera\u00e7\u00e3o do v\u00edrus Covid-19, esta Audi\u00eancia aconteceu com um n\u00famero reduzido de participantes, e foi transmitida ao vivo nas p\u00e1ginas oficiais dos dois poderes, a fim de permitir a participa\u00e7\u00e3o da popula\u00e7\u00e3o que, por sua vez, teve acesso \u00e0 apresenta\u00e7\u00e3o do relat\u00f3rio da RGF, em que foi demonstrado o cumprimento de todos os limites estabelecidos pela legisla\u00e7\u00e3o vigente, bem como o repasse do executivo e as despesas realizadas no per\u00edodo.<\/p>\n<p>\u201cEnquanto Poder Legislativo, a Lei n\u00e3o nos obriga a apresentar o RGF em Audi\u00eancia P\u00fablica, por\u00e9m sendo a transpar\u00eancia nas a\u00e7\u00f5es Legislativas uma marca do nosso Poder e encorajados pelos \u00faltimos presidentes, fazemos quest\u00e3o das apresenta\u00e7\u00f5es\u201d, explica Eliandro. \u201cAl\u00e9m disso, mensalmente, apresentamos \u00e0 popula\u00e7\u00e3o um relat\u00f3rio com todas as despesas realizadas no m\u00eas\u201d, finaliza o contador.<\/p>\n<p>Os mun\u00edcipes podem ter acesso a todos os relat\u00f3rios cont\u00e1beis, despesas, contratos e a informa\u00e7\u00f5es diversas no Portal da Transpar\u00eancia com link direto no site oficial da C\u00e2mara Municipal de Alcin\u00f3polis.<\/p>\n<p><span class=\"data fz12 black uppercase\"> Fonte: Assessoria <\/span><\/p>\n","protected":false},"excerpt":{"rendered":"<p>Foi realizada uma Audi\u00eancia P\u00fablica para a apresenta\u00e7\u00e3o do Relat\u00f3rio de Gest\u00e3o Fiscal \u2013 RGF, do Legislativo e Executivo, referente ao 2\u00ba semestre de 2021, e do Relat\u00f3rio Resumido da Execu\u00e7\u00e3o Or\u00e7ament\u00e1ria \u2013 RREO do 6\u00ba bimestre de 2021 do Poder Executivo, conforme determina a Lei Complementar n\u00ba 101\/2000. Ap\u00f3s a apresenta\u00e7\u00e3o do contador Agonc\u00edlio [&hellip;]<\/p>\n","protected":false},"author":4,"featured_media":199641,"comment_status":"closed","ping_status":"closed","sticky":false,"template":"","format":"standard","meta":{"footnotes":""},"categories":[18,20],"tags":[],"class_list":["post-199640","post","type-post","status-publish","format-standard","has-post-thumbnail","hentry","category-alcinopolis","category-camara-municipal"],"_links":{"self":[{"href":"https:\/\/www.ocorreionews.com.br\/acervo-correio\/index.php?rest_route=\/wp\/v2\/posts\/199640","targetHints":{"allow":["GET"]}}],"collection":[{"href":"https:\/\/www.ocorreionews.com.br\/acervo-correio\/index.php?rest_route=\/wp\/v2\/posts"}],"about":[{"href":"https:\/\/www.ocorreionews.com.br\/acervo-correio\/index.php?rest_route=\/wp\/v2\/types\/post"}],"author":[{"embeddable":true,"href":"https:\/\/www.ocorreionews.com.br\/acervo-correio\/index.php?rest_route=\/wp\/v2\/users\/4"}],"replies":[{"embeddable":true,"href":"https:\/\/www.ocorreionews.com.br\/acervo-correio\/index.php?rest_route=%2Fwp%2Fv2%2Fcomments&post=199640"}],"version-history":[{"count":1,"href":"https:\/\/www.ocorreionews.com.br\/acervo-correio\/index.php?rest_route=\/wp\/v2\/posts\/199640\/revisions"}],"predecessor-version":[{"id":199642,"href":"https:\/\/www.ocorreionews.com.br\/acervo-correio\/index.php?rest_route=\/wp\/v2\/posts\/199640\/revisions\/199642"}],"wp:featuredmedia":[{"embeddable":true,"href":"https:\/\/www.ocorreionews.com.br\/acervo-correio\/index.php?rest_route=\/wp\/v2\/media\/199641"}],"wp:attachment":[{"href":"https:\/\/www.ocorreionews.com.br\/acervo-correio\/index.php?rest_route=%2Fwp%2Fv2%2Fmedia&parent=199640"}],"wp:term":[{"taxonomy":"category","embeddable":true,"href":"https:\/\/www.ocorreionews.com.br\/acervo-correio\/index.php?rest_route=%2Fwp%2Fv2%2Fcategories&post=199640"},{"taxonomy":"post_tag","embeddable":true,"href":"https:\/\/www.ocorreionews.com.br\/acervo-correio\/index.php?rest_route=%2Fwp%2Fv2%2Ftags&post=199640"}],"curies":[{"name":"wp","href":"https:\/\/api.w.org\/{rel}","templated":true}]}}