{"id":199643,"date":"2022-02-26T07:54:38","date_gmt":"2022-02-26T11:54:38","guid":{"rendered":"https:\/\/www.ocorreionews.com.br\/acervo-correio\/?p=199643"},"modified":"2022-02-26T07:54:38","modified_gmt":"2022-02-26T11:54:38","slug":"paraiso-vereadores-e-secretario-visitam-granja-em-sgo","status":"publish","type":"post","link":"https:\/\/www.ocorreionews.com.br\/acervo-correio\/?p=199643","title":{"rendered":"Para\u00edso: Vereadores e Secret\u00e1rio visitam granja em SGO"},"content":{"rendered":"<p>os vereadores Neife Vida Tuta e Ueder Angola, juntamente com o secret\u00e1rio municipal da Sedemat (Secretaria Municipal de Desenvolvimento Econ\u00f4mico, Meio Ambiente e Turismo), Prof. Wilson Mateus, estiveram na cidade de S\u00e3o Gabriel do Oeste (MS), distante 220 quil\u00f4metros de Para\u00edso das \u00c1guas, visitando um avi\u00e1rio e uma f\u00e1brica de adubos naquele munic\u00edpio.<\/p>\n<p>A visita \u00e0 granja Uni\u00e3o e \u00e0 f\u00e1brica de adubos Ferticel, foi de formalizar uma parceria com o munic\u00edpio de Para\u00edso das \u00c1guas na aquisi\u00e7\u00e3o de adubos org\u00e2nicos como a torta da cama de frango para atender aos produtores da Agricultura Familiar do Assentamento Mateira, em seus cultivares.<\/p>\n<p>Tamb\u00e9m esteve presente o produtor rural Toninho Cassimiro do Assentamento Mateira.<\/p>\n<p>A partir desta visita, a Sedemat buscar\u00e1 legalidade para aquisi\u00e7\u00e3o dos estercos e transporte at\u00e9 ao Assentamento.<\/p>\n<p>Os vereadores e secret\u00e1rio ficaram admirados com a organiza\u00e7\u00e3o e trabalho que \u00e9 feito nos locais visitados e est\u00e3o otimistas. &#8220;Faremos o que for de nosso alcance atender aos nossos produtores da Mateira. Para quem produz no campo, estas tortas \u00e9 de fundamental import\u00e2ncia&#8221;, disse o secret\u00e1rio Prof. Wilson Mateus.<\/p>\n<p>BNC Noticias<\/p>\n","protected":false},"excerpt":{"rendered":"<p>os vereadores Neife Vida Tuta e Ueder Angola, juntamente com o secret\u00e1rio municipal da Sedemat (Secretaria Municipal de Desenvolvimento Econ\u00f4mico, Meio Ambiente e Turismo), Prof. Wilson Mateus, estiveram na cidade de S\u00e3o Gabriel do Oeste (MS), distante 220 quil\u00f4metros de Para\u00edso das \u00c1guas, visitando um avi\u00e1rio e uma f\u00e1brica de adubos naquele munic\u00edpio. A visita [&hellip;]<\/p>\n","protected":false},"author":4,"featured_media":199644,"comment_status":"closed","ping_status":"closed","sticky":false,"template":"","format":"standard","meta":{"footnotes":""},"categories":[20,36],"tags":[],"class_list":["post-199643","post","type-post","status-publish","format-standard","has-post-thumbnail","hentry","category-camara-municipal","category-paraiso-das-aguas"],"_links":{"self":[{"href":"https:\/\/www.ocorreionews.com.br\/acervo-correio\/index.php?rest_route=\/wp\/v2\/posts\/199643","targetHints":{"allow":["GET"]}}],"collection":[{"href":"https:\/\/www.ocorreionews.com.br\/acervo-correio\/index.php?rest_route=\/wp\/v2\/posts"}],"about":[{"href":"https:\/\/www.ocorreionews.com.br\/acervo-correio\/index.php?rest_route=\/wp\/v2\/types\/post"}],"author":[{"embeddable":true,"href":"https:\/\/www.ocorreionews.com.br\/acervo-correio\/index.php?rest_route=\/wp\/v2\/users\/4"}],"replies":[{"embeddable":true,"href":"https:\/\/www.ocorreionews.com.br\/acervo-correio\/index.php?rest_route=%2Fwp%2Fv2%2Fcomments&post=199643"}],"version-history":[{"count":1,"href":"https:\/\/www.ocorreionews.com.br\/acervo-correio\/index.php?rest_route=\/wp\/v2\/posts\/199643\/revisions"}],"predecessor-version":[{"id":199645,"href":"https:\/\/www.ocorreionews.com.br\/acervo-correio\/index.php?rest_route=\/wp\/v2\/posts\/199643\/revisions\/199645"}],"wp:featuredmedia":[{"embeddable":true,"href":"https:\/\/www.ocorreionews.com.br\/acervo-correio\/index.php?rest_route=\/wp\/v2\/media\/199644"}],"wp:attachment":[{"href":"https:\/\/www.ocorreionews.com.br\/acervo-correio\/index.php?rest_route=%2Fwp%2Fv2%2Fmedia&parent=199643"}],"wp:term":[{"taxonomy":"category","embeddable":true,"href":"https:\/\/www.ocorreionews.com.br\/acervo-correio\/index.php?rest_route=%2Fwp%2Fv2%2Fcategories&post=199643"},{"taxonomy":"post_tag","embeddable":true,"href":"https:\/\/www.ocorreionews.com.br\/acervo-correio\/index.php?rest_route=%2Fwp%2Fv2%2Ftags&post=199643"}],"curies":[{"name":"wp","href":"https:\/\/api.w.org\/{rel}","templated":true}]}}