{"id":199649,"date":"2022-02-27T06:40:28","date_gmt":"2022-02-27T10:40:28","guid":{"rendered":"https:\/\/www.ocorreionews.com.br\/acervo-correio\/?p=199649"},"modified":"2022-02-27T06:40:52","modified_gmt":"2022-02-27T10:40:52","slug":"homem-e-preso-por-dormir-e-deixar-carro-ligado-com-som-alto-na-ms-306","status":"publish","type":"post","link":"https:\/\/www.ocorreionews.com.br\/acervo-correio\/?p=199649","title":{"rendered":"Homem \u00e9 preso por dormir e deixar carro ligado com som alto na MS-306"},"content":{"rendered":"<p>A equipe da Base Operacional de Chapad\u00e3o do Sul, da Pol\u00edcia Militar Rodovi\u00e1ria, prendeu neste s\u00e1bado (26), um indiv\u00edduo por dirigir ve\u00edculo automotor sob influ\u00eancia de \u00e1lcool, durante a &#8220;Opera\u00e7\u00e3o Carnaval 2022&#8221;.<\/p>\n<p>A pris\u00e3o ocorreu por volta das 2h da manh\u00e3, quando uma equipe da PMR que patrulhava MS-306, no munic\u00edpio de Costa Rica, recebeu a den\u00fancia de que havia um ve\u00edculo FIAT Siena, de cor prata, parado e estacionado com os vidros abertos \u00e0 margem da rodovia, gerando risco potencial de acidente.<\/p>\n<div id=\"taboola-mid-article\" class=\"d-print-none my-3\"><\/div>\n<p>No local os policiais militares encontraram um homem de 28 anos de idade, desacordado, com o som do ve\u00edculo ligado em alto volume. Ele acabou confessando que ingeriu bebida alco\u00f3lica, e ao realizar teste do baf\u00f4metro, a presen\u00e7a de \u00e1lcool no organismo foi constatada em um teor alco\u00f3lico muito superior ao permitido.<\/p>\n<p>O autor recebeu voz de pris\u00e3o em flagrante e foi conduzido em seguida para a delegacia. &#8220;A Pol\u00edcia Militar Rodovi\u00e1ria pede que as pessoas jamais assumam a dire\u00e7\u00e3o de ve\u00edculo automotor ap\u00f3s ingerir bebidas alco\u00f3licas, o que gera perigo enorme ao pr\u00f3prio indiv\u00edduo e a terceiros&#8221;, apela a equipe policial em nota.<\/p>\n<p>Midiamax<\/p>\n","protected":false},"excerpt":{"rendered":"<p>A equipe da Base Operacional de Chapad\u00e3o do Sul, da Pol\u00edcia Militar Rodovi\u00e1ria, prendeu neste s\u00e1bado (26), um indiv\u00edduo por dirigir ve\u00edculo automotor sob influ\u00eancia de \u00e1lcool, durante a &#8220;Opera\u00e7\u00e3o Carnaval 2022&#8221;. A pris\u00e3o ocorreu por volta das 2h da manh\u00e3, quando uma equipe da PMR que patrulhava MS-306, no munic\u00edpio de Costa Rica, recebeu [&hellip;]<\/p>\n","protected":false},"author":4,"featured_media":199650,"comment_status":"closed","ping_status":"closed","sticky":false,"template":"","format":"standard","meta":{"footnotes":""},"categories":[38],"tags":[],"class_list":["post-199649","post","type-post","status-publish","format-standard","has-post-thumbnail","hentry","category-policia"],"_links":{"self":[{"href":"https:\/\/www.ocorreionews.com.br\/acervo-correio\/index.php?rest_route=\/wp\/v2\/posts\/199649","targetHints":{"allow":["GET"]}}],"collection":[{"href":"https:\/\/www.ocorreionews.com.br\/acervo-correio\/index.php?rest_route=\/wp\/v2\/posts"}],"about":[{"href":"https:\/\/www.ocorreionews.com.br\/acervo-correio\/index.php?rest_route=\/wp\/v2\/types\/post"}],"author":[{"embeddable":true,"href":"https:\/\/www.ocorreionews.com.br\/acervo-correio\/index.php?rest_route=\/wp\/v2\/users\/4"}],"replies":[{"embeddable":true,"href":"https:\/\/www.ocorreionews.com.br\/acervo-correio\/index.php?rest_route=%2Fwp%2Fv2%2Fcomments&post=199649"}],"version-history":[{"count":1,"href":"https:\/\/www.ocorreionews.com.br\/acervo-correio\/index.php?rest_route=\/wp\/v2\/posts\/199649\/revisions"}],"predecessor-version":[{"id":199652,"href":"https:\/\/www.ocorreionews.com.br\/acervo-correio\/index.php?rest_route=\/wp\/v2\/posts\/199649\/revisions\/199652"}],"wp:featuredmedia":[{"embeddable":true,"href":"https:\/\/www.ocorreionews.com.br\/acervo-correio\/index.php?rest_route=\/wp\/v2\/media\/199650"}],"wp:attachment":[{"href":"https:\/\/www.ocorreionews.com.br\/acervo-correio\/index.php?rest_route=%2Fwp%2Fv2%2Fmedia&parent=199649"}],"wp:term":[{"taxonomy":"category","embeddable":true,"href":"https:\/\/www.ocorreionews.com.br\/acervo-correio\/index.php?rest_route=%2Fwp%2Fv2%2Fcategories&post=199649"},{"taxonomy":"post_tag","embeddable":true,"href":"https:\/\/www.ocorreionews.com.br\/acervo-correio\/index.php?rest_route=%2Fwp%2Fv2%2Ftags&post=199649"}],"curies":[{"name":"wp","href":"https:\/\/api.w.org\/{rel}","templated":true}]}}