{"id":199737,"date":"2022-02-28T11:35:41","date_gmt":"2022-02-28T15:35:41","guid":{"rendered":"https:\/\/www.ocorreionews.com.br\/acervo-correio\/?p=199737"},"modified":"2022-02-28T11:35:41","modified_gmt":"2022-02-28T15:35:41","slug":"guerra-entre-russia-e-ucrania-deve-fazer-preco-de-alimentos-subir-no-brasil","status":"publish","type":"post","link":"https:\/\/www.ocorreionews.com.br\/acervo-correio\/?p=199737","title":{"rendered":"Guerra entre R\u00fassia e Ucr\u00e2nia deve fazer pre\u00e7o de alimentos subir no Brasil"},"content":{"rendered":"<p class=\"texto\">A infla\u00e7\u00e3o brasileira, que terminou 2021 acima dos 10%, come\u00e7ou este ano ainda bastante pressionada e com n\u00fameros ainda altos. O IPCA de janeiro ficou em 0,54%, o maior n\u00famero para o m\u00eas desde 2016, puxado principalmente pelos alimentos. As previs\u00f5es para o ano, at\u00e9 agora, vinham variando entre 5,5% a algo pouco acima dos 6% (lembrando que o teto da meta perseguida pelo Banco Central \u00e9 de 5%). Mas essas previs\u00f5es devem mudar, e para pior, por conta da Guerra na Ucr\u00e2nia.<\/p>\n<p class=\"texto\">Um dos impactos mais imediatos \u00e9 no pre\u00e7o do trigo, um dos gr\u00e3os mais importantes usados na alimenta\u00e7\u00e3o &#8211; est\u00e1 presente nos p\u00e3es, nas massas, nas bebidas e tamb\u00e9m nas ra\u00e7\u00f5es animais. O Brasil \u00e9 um importador desse produto, j\u00e1 que produz menos do que consome. Em 2021, o Pa\u00eds produziu 7,7 milh\u00f5es de toneladas e importou um pouco mais de 6,2 milh\u00f5es de toneladas, principalmente da Argentina.<\/p>\n<p class=\"texto\">E, embora a importa\u00e7\u00e3o direta da R\u00fassia ou da Ucr\u00e2nia (respectivamente o primeiro e o quarto maiores exportadores mundiais) n\u00e3o seja relevante, o Brasil sentir\u00e1 o efeito da alta nos pre\u00e7os que pode ocorrer por conta da guerra. Segundo a consultoria Agroconsult, os pre\u00e7os internacionais j\u00e1 subiram 20% desde o in\u00edcio do ano e tendem a subir ainda mais com o conflito.<\/p>\n<p class=\"texto\">O milho, gr\u00e3o fundamental para a alimenta\u00e7\u00e3o animal, \u00e9 outro que afetar a infla\u00e7\u00e3o. Segundo os especialistas, o produto j\u00e1 est\u00e1 com cota\u00e7\u00f5es muito elevadas no mercado internacional, e qualquer aumento adicional vai pressionar ainda mais os custos dos produtores de carne. A Ucr\u00e2nia \u00e9 respons\u00e1vel por cerca de 16% das exporta\u00e7\u00f5es mundiais de milho.<\/p>\n<p class=\"texto\">Tamb\u00e9m h\u00e1 o impacto nos fertilizantes. A R\u00fassia \u00e9 o maior fornecedor desse produto para o Brasil, com cerca de 20% dos adubos comprados pelo Pa\u00eds. Este \u00e9 exatamente o momento do ano em que os produtores est\u00e3o comprando os fertilizantes para a safra 2022\/2023, e o aumento dos custos por conta do conflito tornou-se motivo de grande preocupa\u00e7\u00e3o.<\/p>\n<div id=\"cb-publicidade-retangulo-interna-2\" class=\"pub-ret\" data-google-query-id=\"CMr1443covYCFQswuQYdIVUPMQ\">\n<div id=\"google_ads_iframe_\/6887\/portal-correioweb\/correiobraziliense-com-br\/economia\/interna_6__container__\"><\/div>\n<\/div>\n<p class=\"texto\"><strong>Petr\u00f3leo<\/strong><\/p>\n<p class=\"texto\">A tudo isso se junta o pre\u00e7o dos combust\u00edveis, que tem impacto direto e indireto na infla\u00e7\u00e3o. Na semana passada, ap\u00f3s o in\u00edcio da invas\u00e3o russa, o barril do petr\u00f3leo chegou a passar dos US$ 105. O d\u00f3lar, que tende a se fortalecer, tamb\u00e9m deve pressionar os pre\u00e7os.<\/p>\n<p class=\"texto\">Com esse cen\u00e1rio, especialistas j\u00e1 come\u00e7aram a prever um quadro de estagfla\u00e7\u00e3o &#8211; mistura de infla\u00e7\u00e3o alta com atividade econ\u00f4mica estagnada. O economista Armando Castellar, pesquisador associado da FGV\/Ibre, por exemplo, disse esperar agora uma infla\u00e7\u00e3o na casa dos 6,2% ou 6,3%, com o PIB subindo entre 0,3% ou 0,4%, n\u00fameros piores que os projetados antes do in\u00edcio da guerra. Mas todos esses ainda s\u00e3o n\u00fameros preliminares, que v\u00e3o depender da extens\u00e3o da guerra, das san\u00e7\u00f5es, dos efeitos que vir\u00e3o. O certo mesmo \u00e9 que nada de positivo se pode esperar dessa situa\u00e7\u00e3o.<\/p>\n<p class=\"texto\"><strong>G\u00e1s natural<\/strong><\/p>\n<div id=\"cb-publicidade-retangulo-interna-3\" class=\"pub-ret\" data-google-query-id=\"CJTA3I7covYCFRkEuQYdz3UCyg\">\n<div id=\"google_ads_iframe_\/6887\/portal-correioweb\/correiobraziliense-com-br\/economia\/interna_7__container__\"><\/div>\n<\/div>\n<p class=\"texto\">A invas\u00e3o da R\u00fassia \u00e0 Ucr\u00e2nia deve ter reflexos no mercado global de g\u00e1s natural, encarecendo ainda mais o pre\u00e7o do produto tamb\u00e9m no mercado brasileiro nos pr\u00f3ximos meses, segundo especialistas consultados pelo <strong>Estad\u00e3o\/Broadcast<\/strong>. Nesse cen\u00e1rio, haveria press\u00e3o tamb\u00e9m sobre o custo da gera\u00e7\u00e3o de energia em termoel\u00e9tricas, embora n\u00e3o se fale, nesse momento, em risco de falta de g\u00e1s.<\/p>\n<p class=\"texto\">Isso ocorre porque a R\u00fassia responde sozinha por 40% do g\u00e1s utilizado na Europa, que, em meio ao conflito diplom\u00e1tico e econ\u00f4mico com seu principal fornecedor, pode recorrer ao G\u00e1s Natural Liquefeito (GNL) importado de outras localidades para suprir sua demanda, pressionando ainda mais os pre\u00e7os globais. Al\u00e9m disso, um encarecimento do g\u00e1s na Europa tem reflexos diretos em parte dos contratos de importa\u00e7\u00e3o para o Brasil, uma vez que esses documentos costumam atrelar os valores \u00e0s rubricas praticadas no mercado global.<\/p>\n<p class=\"texto\"><strong>Retalia\u00e7\u00e3o<\/strong><\/p>\n<p class=\"texto\">&#8220;N\u00e3o \u00e9 apenas a quest\u00e3o militar, com as san\u00e7\u00f5es, h\u00e1 tamb\u00e9m um risco econ\u00f4mico e regulat\u00f3rio, por isso h\u00e1 uma situa\u00e7\u00e3o tensa no mercado&#8221;, disse o professor do Instituto de Energia da Pontif\u00edcia Universidade Cat\u00f3lica do Rio de Janeiro (PUC\/Rio), Edmar Luiz Fagundes de Almeida.<\/p>\n<div id=\"cb-publicidade-retangulo-interna-4\" class=\"pub-ret\" data-google-query-id=\"CJ-fu4_covYCFYIC1AodgHkDPQ\">\n<div id=\"google_ads_iframe_\/6887\/portal-correioweb\/correiobraziliense-com-br\/economia\/interna_8__container__\"><\/div>\n<\/div>\n<p class=\"texto\">Segundo ele, as retalia\u00e7\u00f5es econ\u00f4micas e san\u00e7\u00f5es impostas \u00e0 R\u00fassia, al\u00e9m da suspens\u00e3o da licen\u00e7a do gasoduto Nord Stream 2, constru\u00eddo para levar g\u00e1s diretamente da R\u00fassia \u00e0 Alemanha &#8211; mas que ainda n\u00e3o come\u00e7ou a operar -, t\u00eam potencial para gerar desarranjo na economia global, mesmo que as for\u00e7as da Organiza\u00e7\u00e3o do Tratado do Atl\u00e2ntico Norte (Otan) n\u00e3o partam para um conflito armado. &#8220;\u00c9 um momento muito delicado porque, dependendo do desenrolar da quest\u00e3o, pode trazer muitos malef\u00edcios para a economia mundial&#8221;, disse.<\/p>\n<p class=\"texto\">Opini\u00e3o semelhante tem o engenheiro e fundador do Centro Brasileiro de Infraestrutura (Cbie), Adriano Pires. Ele, contudo, lembra que o Brasil adquire no mercado internacional, principalmente da Bol\u00edvia, boa parte do g\u00e1s que consome, mas ele acredita que no caso do produto entregue pelas concession\u00e1rias de distribui\u00e7\u00e3o, os aumentos devem acontecer apenas no momento das revis\u00f5es tarif\u00e1rias feitas pelas ag\u00eancias reguladoras estaduais. &#8220;Antes havia a percep\u00e7\u00e3o de que no segundo semestre ter\u00edamos uma estabilidade, mas (com essa situa\u00e7\u00e3o) provavelmente teremos novos aumentos no pre\u00e7o do g\u00e1s esse ano&#8221;, disse.<\/p>\n<p class=\"texto\">Ele tamb\u00e9m lembrou queno ano passado, quando a cadeia global de fornecimento de g\u00e1s deu os primeiros sinais de desarranjo, o mercado j\u00e1 sentiu um estresse com aumentos de pre\u00e7os pela Petrobras, principal fornecedora nacional do produto no Brasil. Na \u00e9poca, a estatal anunciou eleva\u00e7\u00e3o superior a 50% para contratos no mercado nacional, o que provocou uma onda de judicializa\u00e7\u00e3o da quest\u00e3o e reclama\u00e7\u00f5es contra a empresa no Cade.<\/p>\n<p class=\"texto\"><strong>Infraestrutura<\/strong><\/p>\n<div id=\"cb-publicidade-retangulo-interna-5\" class=\"pub-ret\" data-google-query-id=\"CPTJvZDcovYCFSIJ1Aodxm0OVA\">\n<div id=\"google_ads_iframe_\/6887\/portal-correioweb\/correiobraziliense-com-br\/economia\/interna_9__container__\"><\/div>\n<\/div>\n<p class=\"texto\">Embora o Brasil tenha uma grande reserva de g\u00e1s natural, o Pa\u00eds reinjeta pelo menos metade desse insumo de volta nos campos de petr\u00f3leo, pois falta infraestrutura de gasodutos para escoamento desse g\u00e1s. Caso ela existisse, o cen\u00e1rio poderia ser diferente e o Pa\u00eds teria mais f\u00f4lego para enfrentar a crises como a atual.<\/p>\n<p class=\"texto\">Outro especialista que enxerga press\u00e3o nos pre\u00e7os do g\u00e1s como consequ\u00eancia dos conflitos na Europa \u00e9 o advogado Ali El Hage Filho, s\u00f3cio do escrit\u00f3rio Veirano. &#8220;O GNL acaba influenciando os pre\u00e7os do g\u00e1s no mundo todo, e a gente j\u00e1 vinha de um cen\u00e1rio de press\u00e3o de pre\u00e7os mesmo antes da situa\u00e7\u00e3o da Ucr\u00e2nia. Acho que certamente vai continuar aumentando&#8221;, disse.<\/p>\n<p class=\"texto\">Ele lembrou que, nos \u00faltimos anos, a Petrobras tem buscado paridade internacional para seus pre\u00e7os, e que outros supridores compram g\u00e1s no exterior para atender contratos no mercado brasileiro. Essa situa\u00e7\u00e3o de novos reajustes neste ano pode intensificar os problemas pol\u00edticos e econ\u00f4micos que a escalada nos pre\u00e7os do g\u00e1s e dos combust\u00edveis tem provocado no Pa\u00eds.<\/p>\n<p class=\"texto\">As informa\u00e7\u00f5es s\u00e3o do jornal <strong>O Estado de S. Paulo.<\/strong><\/p>\n","protected":false},"excerpt":{"rendered":"<p>A infla\u00e7\u00e3o brasileira, que terminou 2021 acima dos 10%, come\u00e7ou este ano ainda bastante pressionada e com n\u00fameros ainda altos. O IPCA de janeiro ficou em 0,54%, o maior n\u00famero para o m\u00eas desde 2016, puxado principalmente pelos alimentos. As previs\u00f5es para o ano, at\u00e9 agora, vinham variando entre 5,5% a algo pouco acima dos [&hellip;]<\/p>\n","protected":false},"author":5,"featured_media":139142,"comment_status":"closed","ping_status":"closed","sticky":false,"template":"","format":"standard","meta":{"footnotes":""},"categories":[26],"tags":[],"class_list":["post-199737","post","type-post","status-publish","format-standard","has-post-thumbnail","hentry","category-economia"],"_links":{"self":[{"href":"https:\/\/www.ocorreionews.com.br\/acervo-correio\/index.php?rest_route=\/wp\/v2\/posts\/199737","targetHints":{"allow":["GET"]}}],"collection":[{"href":"https:\/\/www.ocorreionews.com.br\/acervo-correio\/index.php?rest_route=\/wp\/v2\/posts"}],"about":[{"href":"https:\/\/www.ocorreionews.com.br\/acervo-correio\/index.php?rest_route=\/wp\/v2\/types\/post"}],"author":[{"embeddable":true,"href":"https:\/\/www.ocorreionews.com.br\/acervo-correio\/index.php?rest_route=\/wp\/v2\/users\/5"}],"replies":[{"embeddable":true,"href":"https:\/\/www.ocorreionews.com.br\/acervo-correio\/index.php?rest_route=%2Fwp%2Fv2%2Fcomments&post=199737"}],"version-history":[{"count":1,"href":"https:\/\/www.ocorreionews.com.br\/acervo-correio\/index.php?rest_route=\/wp\/v2\/posts\/199737\/revisions"}],"predecessor-version":[{"id":199738,"href":"https:\/\/www.ocorreionews.com.br\/acervo-correio\/index.php?rest_route=\/wp\/v2\/posts\/199737\/revisions\/199738"}],"wp:featuredmedia":[{"embeddable":true,"href":"https:\/\/www.ocorreionews.com.br\/acervo-correio\/index.php?rest_route=\/wp\/v2\/media\/139142"}],"wp:attachment":[{"href":"https:\/\/www.ocorreionews.com.br\/acervo-correio\/index.php?rest_route=%2Fwp%2Fv2%2Fmedia&parent=199737"}],"wp:term":[{"taxonomy":"category","embeddable":true,"href":"https:\/\/www.ocorreionews.com.br\/acervo-correio\/index.php?rest_route=%2Fwp%2Fv2%2Fcategories&post=199737"},{"taxonomy":"post_tag","embeddable":true,"href":"https:\/\/www.ocorreionews.com.br\/acervo-correio\/index.php?rest_route=%2Fwp%2Fv2%2Ftags&post=199737"}],"curies":[{"name":"wp","href":"https:\/\/api.w.org\/{rel}","templated":true}]}}