{"id":199742,"date":"2022-02-28T12:03:45","date_gmt":"2022-02-28T16:03:45","guid":{"rendered":"https:\/\/www.ocorreionews.com.br\/acervo-correio\/?p=199742"},"modified":"2022-02-28T12:04:25","modified_gmt":"2022-02-28T16:04:25","slug":"sorteio-de-bicicletas-para-criancas-vacinadas-contra-covid-19-de-05-a-11-anos-acontece-nesta-segunda-feira-28","status":"publish","type":"post","link":"https:\/\/www.ocorreionews.com.br\/acervo-correio\/?p=199742","title":{"rendered":"Sorteio de Bicicletas para crian\u00e7as vacinadas contra Covid-19, de 05 a 11 anos, acontece nesta segunda-feira, 28"},"content":{"rendered":"<p>A Prefeitura de Chapad\u00e3o do Sul, atrav\u00e9s da Secretaria de Sa\u00fade lan\u00e7ou no come\u00e7o de fevereiro a campanha: Volta \u00e0s Aulas \u2013 Protegidos, com o intuito de estimular a vacina\u00e7\u00e3o infantil, de crian\u00e7as a 05 a 11 anos, principalmente neste per\u00edodo de volta \u00e0s aulas, tornando o espa\u00e7o cada vez mais seguro.<\/p>\n<p>No total, mais de 1.200 crian\u00e7as desta faixa-et\u00e1ria j\u00e1 se vacinaram e est\u00e3o concorrendo a duas bicicletas, mas quem ainda n\u00e3o se vacinou ainda da tempo de se imunizar e concorrer aos pr\u00eamios: a Vacina\u00e7\u00e3o acontecer\u00e1 nesta segunda-feira, 28, na ESF Sa\u00fade Lar,\u00a0 na \u00a0Rua Campo Grande N\u00b0 585 \u2013 Telefone (67) 3562-2747, das 7h \u00e0s 16h.<\/p>\n<p><a href=\"https:\/\/www.ocorreionews.com.br\/acervo-correio\/wp-content\/uploads\/2022\/02\/02-8.jpg\"><img loading=\"lazy\" decoding=\"async\" class=\"alignnone  wp-image-199558\" src=\"https:\/\/www.ocorreionews.com.br\/acervo-correio\/wp-content\/uploads\/2022\/02\/02-8.jpg\" alt=\"\" width=\"548\" height=\"548\" srcset=\"https:\/\/www.ocorreionews.com.br\/acervo-correio\/wp-content\/uploads\/2022\/02\/02-8.jpg 1280w, https:\/\/www.ocorreionews.com.br\/acervo-correio\/wp-content\/uploads\/2022\/02\/02-8-300x300.jpg 300w, https:\/\/www.ocorreionews.com.br\/acervo-correio\/wp-content\/uploads\/2022\/02\/02-8-1024x1024.jpg 1024w, https:\/\/www.ocorreionews.com.br\/acervo-correio\/wp-content\/uploads\/2022\/02\/02-8-150x150.jpg 150w, https:\/\/www.ocorreionews.com.br\/acervo-correio\/wp-content\/uploads\/2022\/02\/02-8-768x768.jpg 768w\" sizes=\"auto, (max-width: 548px) 100vw, 548px\" \/><\/a><\/p>\n<p>Tamb\u00e9m quem n\u00e3o se vacinou ainda ou est\u00e1 com imuniza\u00e7\u00e3o incompleta podem se vacina nesta segunda-feira.<\/p>\n<p>Podem receber a primeira dose do imunizante qualquer adolescente de 12 a 17 anos e adultos acima de 18 anos, al\u00e9m das crian\u00e7as de 05 a 11 anos. A segunda dose do imunizante tamb\u00e9m est\u00e1 dispon\u00edvel para quem recebeu a primeira de Coronavac, Astrazeneca e Pfizer, mesmo que esteja em atraso. J\u00e1 a terceira dose \u00e9 aplicada para qualquer pessoa acima de 18 que tenha recebido a segunda dose h\u00e1 4 meses. A quarta dose est\u00e1 dispon\u00edvel para pessoas acima de 60 anos e profissionais da sa\u00fade ativos que tenham tomado a 3\u00aa dose h\u00e1 4 meses e imunossuprimidos e gestantes que tenham tomado a cinco meses. A dose de refor\u00e7o de Janssen tamb\u00e9m est\u00e1 dispon\u00edvel.<\/p>\n<p><a href=\"https:\/\/www.ocorreionews.com.br\/acervo-correio\/wp-content\/uploads\/2022\/02\/01-37.jpg\"><img loading=\"lazy\" decoding=\"async\" class=\"alignnone  wp-image-199557\" src=\"https:\/\/www.ocorreionews.com.br\/acervo-correio\/wp-content\/uploads\/2022\/02\/01-37.jpg\" alt=\"\" width=\"549\" height=\"777\" srcset=\"https:\/\/www.ocorreionews.com.br\/acervo-correio\/wp-content\/uploads\/2022\/02\/01-37.jpg 905w, https:\/\/www.ocorreionews.com.br\/acervo-correio\/wp-content\/uploads\/2022\/02\/01-37-212x300.jpg 212w, https:\/\/www.ocorreionews.com.br\/acervo-correio\/wp-content\/uploads\/2022\/02\/01-37-724x1024.jpg 724w, https:\/\/www.ocorreionews.com.br\/acervo-correio\/wp-content\/uploads\/2022\/02\/01-37-768x1086.jpg 768w\" sizes=\"auto, (max-width: 549px) 100vw, 549px\" \/><\/a><\/p>\n","protected":false},"excerpt":{"rendered":"<p>A Prefeitura de Chapad\u00e3o do Sul, atrav\u00e9s da Secretaria de Sa\u00fade lan\u00e7ou no come\u00e7o de fevereiro a campanha: Volta \u00e0s Aulas \u2013 Protegidos, com o intuito de estimular a vacina\u00e7\u00e3o infantil, de crian\u00e7as a 05 a 11 anos, principalmente neste per\u00edodo de volta \u00e0s aulas, tornando o espa\u00e7o cada vez mais seguro. No total, mais [&hellip;]<\/p>\n","protected":false},"author":5,"featured_media":199558,"comment_status":"closed","ping_status":"closed","sticky":false,"template":"","format":"standard","meta":{"footnotes":""},"categories":[23],"tags":[],"class_list":["post-199742","post","type-post","status-publish","format-standard","has-post-thumbnail","hentry","category-chapadao-do-sul"],"_links":{"self":[{"href":"https:\/\/www.ocorreionews.com.br\/acervo-correio\/index.php?rest_route=\/wp\/v2\/posts\/199742","targetHints":{"allow":["GET"]}}],"collection":[{"href":"https:\/\/www.ocorreionews.com.br\/acervo-correio\/index.php?rest_route=\/wp\/v2\/posts"}],"about":[{"href":"https:\/\/www.ocorreionews.com.br\/acervo-correio\/index.php?rest_route=\/wp\/v2\/types\/post"}],"author":[{"embeddable":true,"href":"https:\/\/www.ocorreionews.com.br\/acervo-correio\/index.php?rest_route=\/wp\/v2\/users\/5"}],"replies":[{"embeddable":true,"href":"https:\/\/www.ocorreionews.com.br\/acervo-correio\/index.php?rest_route=%2Fwp%2Fv2%2Fcomments&post=199742"}],"version-history":[{"count":1,"href":"https:\/\/www.ocorreionews.com.br\/acervo-correio\/index.php?rest_route=\/wp\/v2\/posts\/199742\/revisions"}],"predecessor-version":[{"id":199744,"href":"https:\/\/www.ocorreionews.com.br\/acervo-correio\/index.php?rest_route=\/wp\/v2\/posts\/199742\/revisions\/199744"}],"wp:featuredmedia":[{"embeddable":true,"href":"https:\/\/www.ocorreionews.com.br\/acervo-correio\/index.php?rest_route=\/wp\/v2\/media\/199558"}],"wp:attachment":[{"href":"https:\/\/www.ocorreionews.com.br\/acervo-correio\/index.php?rest_route=%2Fwp%2Fv2%2Fmedia&parent=199742"}],"wp:term":[{"taxonomy":"category","embeddable":true,"href":"https:\/\/www.ocorreionews.com.br\/acervo-correio\/index.php?rest_route=%2Fwp%2Fv2%2Fcategories&post=199742"},{"taxonomy":"post_tag","embeddable":true,"href":"https:\/\/www.ocorreionews.com.br\/acervo-correio\/index.php?rest_route=%2Fwp%2Fv2%2Ftags&post=199742"}],"curies":[{"name":"wp","href":"https:\/\/api.w.org\/{rel}","templated":true}]}}