{"id":199746,"date":"2022-02-28T13:56:38","date_gmt":"2022-02-28T17:56:38","guid":{"rendered":"https:\/\/www.ocorreionews.com.br\/acervo-correio\/?p=199746"},"modified":"2022-02-28T13:56:38","modified_gmt":"2022-02-28T17:56:38","slug":"nota-de-esclarecimento-publica-da-camara-municipal","status":"publish","type":"post","link":"https:\/\/www.ocorreionews.com.br\/acervo-correio\/?p=199746","title":{"rendered":"Nota de Esclarecimento P\u00fablica da C\u00e2mara Municipal"},"content":{"rendered":"<div>O Presidente da C\u00e2mara Municipal, Vereador Andr\u00e9 dos Anjos, convocou, na \u00faltima sexta-feira, reuni\u00e3o com os Secret\u00e1rios Municipais de Governo, Administra\u00e7\u00e3o e Finan\u00e7as, Controladoria Interna e Assessoria Jur\u00eddica do Munic\u00edpio, para esclarecimento e provid\u00eancias acerca do equ\u00edvoco ocorrido no pagamento do vencimento de contratada tempor\u00e1ria.<\/div>\n<div><\/div>\n<div>Diante do exposto, restou esclarecido que o Poder Executivo Municipal adotou todas as provid\u00eancias administrativas e jur\u00eddicas cab\u00edveis ao caso concreto, os quais foram aferidos por meio de documentos comprobat\u00f3rios apresentados durante a reuni\u00e3o, os quais se encontram na posse da C\u00e2mara Municipal.<\/div>\n<div><\/div>\n<div>De toda sorte, o Poder Legislativo Municipal, em aten\u00e7\u00e3o \u00e0s prerrogativas que lhes s\u00e3o inerentes, expediu Of\u00edcio ao Poder Executivo Municipal, possibilitando a promo\u00e7\u00e3o de resposta formal.<\/div>\n","protected":false},"excerpt":{"rendered":"<p>O Presidente da C\u00e2mara Municipal, Vereador Andr\u00e9 dos Anjos, convocou, na \u00faltima sexta-feira, reuni\u00e3o com os Secret\u00e1rios Municipais de Governo, Administra\u00e7\u00e3o e Finan\u00e7as, Controladoria Interna e Assessoria Jur\u00eddica do Munic\u00edpio, para esclarecimento e provid\u00eancias acerca do equ\u00edvoco ocorrido no pagamento do vencimento de contratada tempor\u00e1ria. Diante do exposto, restou esclarecido que o Poder Executivo Municipal [&hellip;]<\/p>\n","protected":false},"author":4,"featured_media":199747,"comment_status":"closed","ping_status":"closed","sticky":false,"template":"","format":"standard","meta":{"footnotes":""},"categories":[20,23,41],"tags":[],"class_list":["post-199746","post","type-post","status-publish","format-standard","has-post-thumbnail","hentry","category-camara-municipal","category-chapadao-do-sul","category-destaque"],"_links":{"self":[{"href":"https:\/\/www.ocorreionews.com.br\/acervo-correio\/index.php?rest_route=\/wp\/v2\/posts\/199746","targetHints":{"allow":["GET"]}}],"collection":[{"href":"https:\/\/www.ocorreionews.com.br\/acervo-correio\/index.php?rest_route=\/wp\/v2\/posts"}],"about":[{"href":"https:\/\/www.ocorreionews.com.br\/acervo-correio\/index.php?rest_route=\/wp\/v2\/types\/post"}],"author":[{"embeddable":true,"href":"https:\/\/www.ocorreionews.com.br\/acervo-correio\/index.php?rest_route=\/wp\/v2\/users\/4"}],"replies":[{"embeddable":true,"href":"https:\/\/www.ocorreionews.com.br\/acervo-correio\/index.php?rest_route=%2Fwp%2Fv2%2Fcomments&post=199746"}],"version-history":[{"count":1,"href":"https:\/\/www.ocorreionews.com.br\/acervo-correio\/index.php?rest_route=\/wp\/v2\/posts\/199746\/revisions"}],"predecessor-version":[{"id":199748,"href":"https:\/\/www.ocorreionews.com.br\/acervo-correio\/index.php?rest_route=\/wp\/v2\/posts\/199746\/revisions\/199748"}],"wp:featuredmedia":[{"embeddable":true,"href":"https:\/\/www.ocorreionews.com.br\/acervo-correio\/index.php?rest_route=\/wp\/v2\/media\/199747"}],"wp:attachment":[{"href":"https:\/\/www.ocorreionews.com.br\/acervo-correio\/index.php?rest_route=%2Fwp%2Fv2%2Fmedia&parent=199746"}],"wp:term":[{"taxonomy":"category","embeddable":true,"href":"https:\/\/www.ocorreionews.com.br\/acervo-correio\/index.php?rest_route=%2Fwp%2Fv2%2Fcategories&post=199746"},{"taxonomy":"post_tag","embeddable":true,"href":"https:\/\/www.ocorreionews.com.br\/acervo-correio\/index.php?rest_route=%2Fwp%2Fv2%2Ftags&post=199746"}],"curies":[{"name":"wp","href":"https:\/\/api.w.org\/{rel}","templated":true}]}}