{"id":199758,"date":"2022-03-01T09:19:58","date_gmt":"2022-03-01T13:19:58","guid":{"rendered":"https:\/\/www.ocorreionews.com.br\/acervo-correio\/?p=199758"},"modified":"2022-03-01T09:19:58","modified_gmt":"2022-03-01T13:19:58","slug":"adolescente-de-12-anos-e-socorrida-em-coma-alcoolico-durante-festa-em-ms","status":"publish","type":"post","link":"https:\/\/www.ocorreionews.com.br\/acervo-correio\/?p=199758","title":{"rendered":"Adolescente de 12 anos \u00e9 socorrida em coma alco\u00f3lico durante festa em MS"},"content":{"rendered":"<div class=\"artigo_texto\" data-artigo=\"a:544233\">\n<p>Uma garota, de 12 anos, foi socorrida em coma alco\u00f3lico durante a madrugada desta ter\u00e7a-feira (1\u00ba), em Campo Grande, sendo encaminhada para a Santa Casa da cidade.<\/p>\n<p>Informa\u00e7\u00f5es passadas para ai siteMidiamax s\u00e3o de que a pol\u00edcia foi acionada por volta da 1 hora da madrugada ap\u00f3s a menina dar entrada na unidade de sa\u00fade. A garota foi internada na ala pedi\u00e1trica da unidade de sa\u00fade.<\/p>\n<p>Aos policiais, a m\u00e3e disse que havia deixado a filha na casa de uma sobrinha maior de idade e que a jovem acabou fazendo uma confraterniza\u00e7\u00e3o. Ainda segundo informa\u00e7\u00f5es, uma ambul\u00e2ncia foi acionada at\u00e9 a casa quando a prima viu a adolescente em coma na festa.<\/p>\n<p>O Conselho Tutelar foi acionado para o hospital.<\/p>\n<\/div>\n<p>&nbsp;<\/p>\n<p>*Midiamax\u00a0 &#8211; Thatiana Melo<\/p>\n","protected":false},"excerpt":{"rendered":"<p>Uma garota, de 12 anos, foi socorrida em coma alco\u00f3lico durante a madrugada desta ter\u00e7a-feira (1\u00ba), em Campo Grande, sendo encaminhada para a Santa Casa da cidade. Informa\u00e7\u00f5es passadas para ai siteMidiamax s\u00e3o de que a pol\u00edcia foi acionada por volta da 1 hora da madrugada ap\u00f3s a menina dar entrada na unidade de sa\u00fade. [&hellip;]<\/p>\n","protected":false},"author":5,"featured_media":199761,"comment_status":"closed","ping_status":"closed","sticky":false,"template":"","format":"standard","meta":{"footnotes":""},"categories":[38],"tags":[],"class_list":["post-199758","post","type-post","status-publish","format-standard","has-post-thumbnail","hentry","category-policia"],"_links":{"self":[{"href":"https:\/\/www.ocorreionews.com.br\/acervo-correio\/index.php?rest_route=\/wp\/v2\/posts\/199758","targetHints":{"allow":["GET"]}}],"collection":[{"href":"https:\/\/www.ocorreionews.com.br\/acervo-correio\/index.php?rest_route=\/wp\/v2\/posts"}],"about":[{"href":"https:\/\/www.ocorreionews.com.br\/acervo-correio\/index.php?rest_route=\/wp\/v2\/types\/post"}],"author":[{"embeddable":true,"href":"https:\/\/www.ocorreionews.com.br\/acervo-correio\/index.php?rest_route=\/wp\/v2\/users\/5"}],"replies":[{"embeddable":true,"href":"https:\/\/www.ocorreionews.com.br\/acervo-correio\/index.php?rest_route=%2Fwp%2Fv2%2Fcomments&post=199758"}],"version-history":[{"count":1,"href":"https:\/\/www.ocorreionews.com.br\/acervo-correio\/index.php?rest_route=\/wp\/v2\/posts\/199758\/revisions"}],"predecessor-version":[{"id":199762,"href":"https:\/\/www.ocorreionews.com.br\/acervo-correio\/index.php?rest_route=\/wp\/v2\/posts\/199758\/revisions\/199762"}],"wp:featuredmedia":[{"embeddable":true,"href":"https:\/\/www.ocorreionews.com.br\/acervo-correio\/index.php?rest_route=\/wp\/v2\/media\/199761"}],"wp:attachment":[{"href":"https:\/\/www.ocorreionews.com.br\/acervo-correio\/index.php?rest_route=%2Fwp%2Fv2%2Fmedia&parent=199758"}],"wp:term":[{"taxonomy":"category","embeddable":true,"href":"https:\/\/www.ocorreionews.com.br\/acervo-correio\/index.php?rest_route=%2Fwp%2Fv2%2Fcategories&post=199758"},{"taxonomy":"post_tag","embeddable":true,"href":"https:\/\/www.ocorreionews.com.br\/acervo-correio\/index.php?rest_route=%2Fwp%2Fv2%2Ftags&post=199758"}],"curies":[{"name":"wp","href":"https:\/\/api.w.org\/{rel}","templated":true}]}}