{"id":199763,"date":"2022-03-01T09:24:17","date_gmt":"2022-03-01T13:24:17","guid":{"rendered":"https:\/\/www.ocorreionews.com.br\/acervo-correio\/?p=199763"},"modified":"2022-03-01T09:24:17","modified_gmt":"2022-03-01T13:24:17","slug":"funcionario-e-suspeito-de-furtar-pecas-de-aviao-de-empresa-em-chapadao-do-sul","status":"publish","type":"post","link":"https:\/\/www.ocorreionews.com.br\/acervo-correio\/?p=199763","title":{"rendered":"Funcion\u00e1rio \u00e9 suspeito de furtar pe\u00e7as de avi\u00e3o de empresa em Chapad\u00e3o do Sul"},"content":{"rendered":"<p>Funcion\u00e1rio de uma empresa de avia\u00e7\u00e3o \u00e9 suspeito de furtar pe\u00e7as de avi\u00e3o do seu local de trabalho, em Chapad\u00e3o do Sul.<\/p>\n<p>Conforme boletim de ocorr\u00eancia registrado na noite de domingo (27), a Pol\u00edcia Militar foi acionada para comparecer ao terminal rodovi\u00e1rio,onde encontrou o empres\u00e1rio de 51 anos.<\/p>\n<p>L\u00e1, foi constatado que havia suspeita de que o funcion\u00e1rio estaria furtando pe\u00e7as da empresa. Os fatos foram confirmados pelo empres\u00e1rio e por um outro funcion\u00e1rio.<\/p>\n<p>O suspeito, em raz\u00e3o de algumas les\u00f5es, foi encaminhado ao hospital para exame de corpo de delito e depois para a delegacia, para in\u00edcio das investiga\u00e7\u00f5es.<\/p>\n<p>&nbsp;<\/p>\n<p><span class=\"data fz12 black uppercase\"> Fonte: MS Todo Dia <\/span><\/p>\n","protected":false},"excerpt":{"rendered":"<p>Funcion\u00e1rio de uma empresa de avia\u00e7\u00e3o \u00e9 suspeito de furtar pe\u00e7as de avi\u00e3o do seu local de trabalho, em Chapad\u00e3o do Sul. Conforme boletim de ocorr\u00eancia registrado na noite de domingo (27), a Pol\u00edcia Militar foi acionada para comparecer ao terminal rodovi\u00e1rio,onde encontrou o empres\u00e1rio de 51 anos. L\u00e1, foi constatado que havia suspeita de [&hellip;]<\/p>\n","protected":false},"author":5,"featured_media":103971,"comment_status":"closed","ping_status":"closed","sticky":false,"template":"","format":"standard","meta":{"footnotes":""},"categories":[23,38],"tags":[],"class_list":["post-199763","post","type-post","status-publish","format-standard","has-post-thumbnail","hentry","category-chapadao-do-sul","category-policia"],"_links":{"self":[{"href":"https:\/\/www.ocorreionews.com.br\/acervo-correio\/index.php?rest_route=\/wp\/v2\/posts\/199763","targetHints":{"allow":["GET"]}}],"collection":[{"href":"https:\/\/www.ocorreionews.com.br\/acervo-correio\/index.php?rest_route=\/wp\/v2\/posts"}],"about":[{"href":"https:\/\/www.ocorreionews.com.br\/acervo-correio\/index.php?rest_route=\/wp\/v2\/types\/post"}],"author":[{"embeddable":true,"href":"https:\/\/www.ocorreionews.com.br\/acervo-correio\/index.php?rest_route=\/wp\/v2\/users\/5"}],"replies":[{"embeddable":true,"href":"https:\/\/www.ocorreionews.com.br\/acervo-correio\/index.php?rest_route=%2Fwp%2Fv2%2Fcomments&post=199763"}],"version-history":[{"count":1,"href":"https:\/\/www.ocorreionews.com.br\/acervo-correio\/index.php?rest_route=\/wp\/v2\/posts\/199763\/revisions"}],"predecessor-version":[{"id":199766,"href":"https:\/\/www.ocorreionews.com.br\/acervo-correio\/index.php?rest_route=\/wp\/v2\/posts\/199763\/revisions\/199766"}],"wp:featuredmedia":[{"embeddable":true,"href":"https:\/\/www.ocorreionews.com.br\/acervo-correio\/index.php?rest_route=\/wp\/v2\/media\/103971"}],"wp:attachment":[{"href":"https:\/\/www.ocorreionews.com.br\/acervo-correio\/index.php?rest_route=%2Fwp%2Fv2%2Fmedia&parent=199763"}],"wp:term":[{"taxonomy":"category","embeddable":true,"href":"https:\/\/www.ocorreionews.com.br\/acervo-correio\/index.php?rest_route=%2Fwp%2Fv2%2Fcategories&post=199763"},{"taxonomy":"post_tag","embeddable":true,"href":"https:\/\/www.ocorreionews.com.br\/acervo-correio\/index.php?rest_route=%2Fwp%2Fv2%2Ftags&post=199763"}],"curies":[{"name":"wp","href":"https:\/\/api.w.org\/{rel}","templated":true}]}}