{"id":199764,"date":"2022-03-01T09:26:42","date_gmt":"2022-03-01T13:26:42","guid":{"rendered":"https:\/\/www.ocorreionews.com.br\/acervo-correio\/?p=199764"},"modified":"2022-03-01T09:26:42","modified_gmt":"2022-03-01T13:26:42","slug":"homem-e-preso-apos-empinar-moto-na-frente-a-pm-em-costa-rica","status":"publish","type":"post","link":"https:\/\/www.ocorreionews.com.br\/acervo-correio\/?p=199764","title":{"rendered":"Homem \u00e9 preso ap\u00f3s empinar moto na frente a PM em Costa Rica"},"content":{"rendered":"<p>Homem de 34 anos foi preso na manh\u00e3 desta segunda-feira (28), em Costa Rica, ap\u00f3s ser flagrado empinando a moto na frente da PM. O detalhe, conforme boletim de ocorr\u00eancia, \u00e9 que o indiv\u00edduo n\u00e3o era habilitado.<\/p>\n<p>Conforme apurado, durante rondas pela Avenida Jos\u00e9 Ferreira da Costa, em frente a Funda\u00e7\u00e3o Hospitalar, os policiais avistaram o suspeito que, ao notar a aproxima\u00e7\u00e3o da viatura,fugiu em alta velocidade.<\/p>\n<p>Ele saiu empinando a moto, equilibrando-se em apenas duas rodas por v\u00e1rios metros, colocando em risco a vida de terceiros. Cerca de cinco quadras ap\u00f3s in\u00edcio da persegui\u00e7\u00e3o, o homem acabou detido.<\/p>\n<p>Ele n\u00e3o estava com a documenta\u00e7\u00e3o do ve\u00edculo e n\u00e3o tinha CNH. Diante dos fatos, foi preso em flagrante por dirigir sem habilita\u00e7\u00e3o e realizar manobras perigosas, e ainda teve a moto apreendida pela PM.<\/p>\n<p>&nbsp;<\/p>\n<p><span class=\"data fz12 black uppercase\"> Fonte: MS Todo Dia <\/span><\/p>\n","protected":false},"excerpt":{"rendered":"<p>Homem de 34 anos foi preso na manh\u00e3 desta segunda-feira (28), em Costa Rica, ap\u00f3s ser flagrado empinando a moto na frente da PM. O detalhe, conforme boletim de ocorr\u00eancia, \u00e9 que o indiv\u00edduo n\u00e3o era habilitado. Conforme apurado, durante rondas pela Avenida Jos\u00e9 Ferreira da Costa, em frente a Funda\u00e7\u00e3o Hospitalar, os policiais avistaram [&hellip;]<\/p>\n","protected":false},"author":5,"featured_media":141468,"comment_status":"closed","ping_status":"closed","sticky":false,"template":"","format":"standard","meta":{"footnotes":""},"categories":[25,38],"tags":[],"class_list":["post-199764","post","type-post","status-publish","format-standard","has-post-thumbnail","hentry","category-costa-rica","category-policia"],"_links":{"self":[{"href":"https:\/\/www.ocorreionews.com.br\/acervo-correio\/index.php?rest_route=\/wp\/v2\/posts\/199764","targetHints":{"allow":["GET"]}}],"collection":[{"href":"https:\/\/www.ocorreionews.com.br\/acervo-correio\/index.php?rest_route=\/wp\/v2\/posts"}],"about":[{"href":"https:\/\/www.ocorreionews.com.br\/acervo-correio\/index.php?rest_route=\/wp\/v2\/types\/post"}],"author":[{"embeddable":true,"href":"https:\/\/www.ocorreionews.com.br\/acervo-correio\/index.php?rest_route=\/wp\/v2\/users\/5"}],"replies":[{"embeddable":true,"href":"https:\/\/www.ocorreionews.com.br\/acervo-correio\/index.php?rest_route=%2Fwp%2Fv2%2Fcomments&post=199764"}],"version-history":[{"count":1,"href":"https:\/\/www.ocorreionews.com.br\/acervo-correio\/index.php?rest_route=\/wp\/v2\/posts\/199764\/revisions"}],"predecessor-version":[{"id":199768,"href":"https:\/\/www.ocorreionews.com.br\/acervo-correio\/index.php?rest_route=\/wp\/v2\/posts\/199764\/revisions\/199768"}],"wp:featuredmedia":[{"embeddable":true,"href":"https:\/\/www.ocorreionews.com.br\/acervo-correio\/index.php?rest_route=\/wp\/v2\/media\/141468"}],"wp:attachment":[{"href":"https:\/\/www.ocorreionews.com.br\/acervo-correio\/index.php?rest_route=%2Fwp%2Fv2%2Fmedia&parent=199764"}],"wp:term":[{"taxonomy":"category","embeddable":true,"href":"https:\/\/www.ocorreionews.com.br\/acervo-correio\/index.php?rest_route=%2Fwp%2Fv2%2Fcategories&post=199764"},{"taxonomy":"post_tag","embeddable":true,"href":"https:\/\/www.ocorreionews.com.br\/acervo-correio\/index.php?rest_route=%2Fwp%2Fv2%2Ftags&post=199764"}],"curies":[{"name":"wp","href":"https:\/\/api.w.org\/{rel}","templated":true}]}}