{"id":199771,"date":"2022-03-01T09:42:28","date_gmt":"2022-03-01T13:42:28","guid":{"rendered":"https:\/\/www.ocorreionews.com.br\/acervo-correio\/?p=199771"},"modified":"2022-03-01T09:44:41","modified_gmt":"2022-03-01T13:44:41","slug":"menino-de-9-anos-foge-de-casa-entra-escondido-em-aviao-e-viaja-sozinho-de-manaus-para-guarulhos-sp","status":"publish","type":"post","link":"https:\/\/www.ocorreionews.com.br\/acervo-correio\/?p=199771","title":{"rendered":"Menino de 9 anos foge de casa, entra escondido em avi\u00e3o e viaja sozinho de Manaus para Guarulhos (SP)"},"content":{"rendered":"<p>Um menino de 9 anos protagonizou uma hist\u00f3ria surpreendente nesse fim de semana, em\u00a0Manaus. Morador da Zona Oeste, Emanuel Marques de Oliveira foi\u00a0<strong>dado como desaparecido<\/strong>\u00a0na manh\u00e3 de s\u00e1bado (26). No final do dia,\u00a0<span class=\"highlight highlighted\">a m\u00e3e descobriu que ele fugiu de casa e foi parar na cidade de\u00a0<\/span><span class=\"highlight highlighted\">Guarulhos<\/span><span class=\"highlight highlighted\">\u00a0(SP).<\/span><\/p>\n<p>Ele embarcou sozinho em um voo da\u00a0Latam, que saiu do Aeroporto de\u00a0Manaus\u00a0e teve como destino o Aeroporto Internacional de S\u00e3o Paulo, em\u00a0Guarulhos. O menino n\u00e3o tinha passagem a\u00e9rea, documentos e malas.\u00a0O menino contou como fez o percurso e conseguiu embarcar.<strong><span class=\"highlight highlighted\"><em>\u00a0( Veja mais detalhes abaixo).<\/em><\/span><\/strong><\/p>\n<div class=\"mc-column content-text active-extra-styles \" data-block-type=\"unstyled\" data-block-weight=\"33\" data-block-id=\"14\">\n<p class=\"content-text__container \" data-track-category=\"Link no Texto\" data-track-links=\"\">O \u00f3rg\u00e3o tamb\u00e9m disse que a crian\u00e7a n\u00e3o tem hist\u00f3rico de viol\u00eancia familiar e, durante oitivas, declarou que o motivo da viagem seria o desejo de morar em S\u00e3o Paulo, com outros familiares.<\/p>\n<\/div>\n<div class=\"mc-column content-text active-extra-styles\" data-block-type=\"raw\" data-block-weight=\"7\" data-block-id=\"15\">\n<div class=\"content-intertitle\">\n<h2>M\u00e3e detalha o sumi\u00e7o logo pela manh\u00e3<\/h2>\n<p>&nbsp;<\/p>\n<\/div>\n<p>&nbsp;<\/p>\n<\/div>\n<div class=\"mc-column content-text active-extra-styles \" data-block-type=\"unstyled\" data-block-weight=\"40\" data-block-id=\"16\">\n<p class=\"content-text__container \" data-track-category=\"Link no Texto\" data-track-links=\"\">Em entrevista ao\u00a0g1, a m\u00e3e do menino, a eletricista<span class=\"highlight highlighted\">\u00a0Daniele Marques, contou que percebeu que o filho n\u00e3o estava em casa nas primeiras horas da manh\u00e3 de s\u00e1bado (26).\u00a0<\/span>Eles moram na comunidade Uni\u00e3o da Vit\u00f3ria, bairro Tarum\u00e3.<\/p>\n<p data-track-category=\"Link no Texto\" data-track-links=\"\">\n<\/div>\n<div class=\"mc-column content-text active-extra-styles\" data-block-type=\"raw\" data-block-weight=\"41\" data-block-id=\"17\">\n<blockquote class=\"content-blockquote theme-border-color-primary-before\"><p>&#8220;Acordei \u00e0s 5h30, fui ao quarto dele, e vi que ele estava dormindo normalmente. Depois mexi um pouco no celular e levantei novamente, j\u00e1 \u00e0s 7h30, quando percebi que ele n\u00e3o estava mais no quarto e comecei e me desesperar&#8221;, afirmou.<\/p><\/blockquote>\n<\/div>\n<p>&nbsp;<\/p>\n<div class=\"mc-column content-text active-extra-styles \" data-block-type=\"unstyled\" data-block-weight=\"47\" data-block-id=\"18\">\n<p class=\"content-text__container \" data-track-category=\"Link no Texto\" data-track-links=\"\">Depois de registrar boletim de ocorr\u00eancia na delegacia, e come\u00e7ar a divulgar a imagem do filho nas redes sociais,\u00a0<strong>a eletricista recebeu a liga\u00e7\u00e3o de um funcion\u00e1rio da\u00a0<\/strong><strong>Latam<\/strong><strong>, por volta das 22h daquele mesmo dia,<\/strong>\u00a0informando que a crian\u00e7a estava no aeroporto de\u00a0Guarulhos\u00a0(SP).<\/p>\n<p data-track-category=\"Link no Texto\" data-track-links=\"\">\n<\/div>\n<div class=\"mc-column content-text active-extra-styles\" data-block-type=\"raw\" data-block-weight=\"46\" data-block-id=\"19\">\n<blockquote class=\"content-blockquote theme-border-color-primary-before\"><p>&#8220;Assim que eles me contaram que ele estava l\u00e1 [no Aeroporto de\u00a0Guarulhos], avisei a delegada. Os policiais at\u00e9 perguntaram se eu podia ir busc\u00e1-lo, mas eu disse que n\u00e3o teria como fazer isso, e sim queria que a empresa\u00a0Latam\u00a0retornasse com o meu filho&#8221;.<\/p><\/blockquote>\n<\/div>\n<p>&nbsp;<\/p>\n<div class=\"content-ads content-ads--reveal\" data-block-type=\"ads\" data-block-id=\"20\"><\/div>\n<div class=\"mc-column content-text active-extra-styles \" data-block-type=\"unstyled\" data-block-weight=\"22\" data-block-id=\"21\">\n<p class=\"content-text__container \" data-track-category=\"Link no Texto\" data-track-links=\"\">Ap\u00f3s tr\u00e2mites e negocia\u00e7\u00f5es entre o Conselho Tutelar e a companhia a\u00e9rea,\u00a0<span class=\"highlight highlighted\">o garoto voltou a\u00a0<\/span><span class=\"highlight highlighted\">Manaus<\/span><span class=\"highlight highlighted\">\u00a0na manh\u00e3 de domingo (28).<\/span><\/p>\n<p data-track-category=\"Link no Texto\" data-track-links=\"\">\n<\/div>\n<div class=\"mc-column content-text active-extra-styles\" data-block-type=\"raw\" data-block-weight=\"5\" data-block-id=\"22\">\n<div class=\"content-intertitle\">\n<h2>Menino contou sobre trajeto percorrido<\/h2>\n<p>&nbsp;<\/p>\n<\/div>\n<p>&nbsp;<\/p>\n<\/div>\n<div class=\"mc-column content-text active-extra-styles \" data-block-type=\"unstyled\" data-block-weight=\"23\" data-block-id=\"23\">\n<p class=\"content-text__container \" data-track-category=\"Link no Texto\" data-track-links=\"\">Daniele contou que Emanuel explicou os detalhes da viagem<span class=\"highlight highlighted\">\u00a0sozinho de avi\u00e3o para outro estado, sem documenta\u00e7\u00e3o e sem bilhete de embarque.<\/span><\/p>\n<p data-track-category=\"Link no Texto\" data-track-links=\"\">\n<\/div>\n<div class=\"mc-column content-text active-extra-styles\" data-block-type=\"raw\" data-block-weight=\"55\" data-block-id=\"24\">\n<blockquote class=\"content-blockquote theme-border-color-primary-before\"><p>&#8220;Ele me disse que pegou alguns \u00f4nibus aleat\u00f3rios aqui de casa [no bairro Tarum\u00e3-A\u00e7u] at\u00e9 chegar no aeroporto. Depois olhou no painel o hor\u00e1rio dos voos, e entrou em um deles. O meu filho passou por tr\u00eas vistorias sem que algu\u00e9m notasse que ele estava sozinho, sem documenta\u00e7\u00e3o nem bilhete de embarque&#8221;, disse a m\u00e3e.<\/p><\/blockquote>\n<\/div>\n<p>&nbsp;<\/p>\n<div class=\"row medium-uncollapsed content-media content-photo\" data-block-type=\"backstage-photo\" data-block-id=\"25\">\n<div class=\"mc-column content-media__container\">\n<div class=\"content-media-container glb-skeleton-box\">\n<figure class=\"content-media-figure\">\n<p><figure style=\"width: 647px\" class=\"wp-caption aligncenter\"><img loading=\"lazy\" decoding=\"async\" class=\"i-amphtml-fill-content i-amphtml-replaced-content\" src=\"https:\/\/s2.glbimg.com\/gSPMID2c8JaPm2zLCbphhkHM9PA=\/0x0:2241x1077\/984x0\/smart\/filters:strip_icc()\/i.s3.glbimg.com\/v1\/AUTH_59edd422c0c84a879bd37670ae4f538a\/internal_photos\/bs\/2018\/G\/E\/f8EM3CSn6Dhkk3F8n8Mw\/credito-divulgacao-infraero-manaus-1.jpg\" sizes=\"auto, (max-width: 1366px) 648px, 100vw\" srcset=\"https:\/\/s2.glbimg.com\/Rksp4E-pMnWCwRcio5dpdgaBsPQ=\/0x0:2241x1077\/1000x0\/smart\/filters:strip_icc()\/i.s3.glbimg.com\/v1\/AUTH_59edd422c0c84a879bd37670ae4f538a\/internal_photos\/bs\/2018\/G\/E\/f8EM3CSn6Dhkk3F8n8Mw\/credito-divulgacao-infraero-manaus-1.jpg 1000w, https:\/\/s2.glbimg.com\/gSPMID2c8JaPm2zLCbphhkHM9PA=\/0x0:2241x1077\/984x0\/smart\/filters:strip_icc()\/i.s3.glbimg.com\/v1\/AUTH_59edd422c0c84a879bd37670ae4f538a\/internal_photos\/bs\/2018\/G\/E\/f8EM3CSn6Dhkk3F8n8Mw\/credito-divulgacao-infraero-manaus-1.jpg 984w, https:\/\/s2.glbimg.com\/FT-4qL4vv9UQrNhjylzHbJFtpAQ=\/0x0:2241x1077\/640x0\/smart\/filters:strip_icc()\/i.s3.glbimg.com\/v1\/AUTH_59edd422c0c84a879bd37670ae4f538a\/internal_photos\/bs\/2018\/G\/E\/f8EM3CSn6Dhkk3F8n8Mw\/credito-divulgacao-infraero-manaus-1.jpg 640w, https:\/\/s2.glbimg.com\/QFdAInrwvQssgsGZ6-Q_Bphv94g=\/0x0:2241x1077\/600x0\/smart\/filters:strip_icc()\/i.s3.glbimg.com\/v1\/AUTH_59edd422c0c84a879bd37670ae4f538a\/internal_photos\/bs\/2018\/G\/E\/f8EM3CSn6Dhkk3F8n8Mw\/credito-divulgacao-infraero-manaus-1.jpg 600w\" alt=\"Aeroporto de Manaus. \u2014 Foto: Divulga\u00e7\u00e3o\" width=\"647\" height=\"311\" \/><figcaption class=\"wp-caption-text\">Aeroporto de Manaus. \u2014 Foto: Divulga\u00e7\u00e3o<\/figcaption><\/figure><\/figure>\n<\/div>\n<p class=\"content-media__description \">\n<\/div>\n<\/div>\n<div class=\"content-ads content-ads--reveal\" data-block-type=\"ads\" data-block-id=\"26\">\n<div id=\"banner_materia__680fbb0f-7023-43bb-b637-ec6a4d89b768\" class=\"tag-manager-publicidade-container mc-has-reveal mc-has-ad-lazyload tag-manager-publicidade-banner_materia__680fbb0f-7023-43bb-b637-ec6a4d89b768 tag-manager-publicidade-container--carregado tag-manager-publicidade-container--visivel\" data-id=\"banner_materia__680fbb0f-7023-43bb-b637-ec6a4d89b768\" data-req=\"true\" data-google-query-id=\"CO6LgJmEpfYCFfo4uQYddokEcg\" data-cid=\"138349981558\" data-lid=\"5652447258\">\n<div id=\"google_ads_iframe_\/95377733\/tvg_G1\/Sua_Regiao&gt;Norte&gt;Amazonas_6__container__\" style=\"box-sizing: inherit; margin: auto; padding: 0px; border: 0pt none; font: inherit; vertical-align: initial; max-width: 100%; text-align: center;\"><\/div>\n<\/div>\n<\/div>\n<div class=\"mc-column content-text active-extra-styles \" data-block-type=\"unstyled\" data-block-weight=\"23\" data-block-id=\"27\">\n<p class=\"content-text__container \" data-track-category=\"Link no Texto\" data-track-links=\"\">Daniele disse que jamais imaginaria que o filho pudesse ter viajado sozinho de avi\u00e3o, quando percebeu que ele n\u00e3o estava em casa.<\/p>\n<p data-track-category=\"Link no Texto\" data-track-links=\"\">\n<\/div>\n<div class=\"mc-column content-text active-extra-styles\" data-block-type=\"raw\" data-block-weight=\"45\" data-block-id=\"28\">\n<blockquote class=\"content-blockquote theme-border-color-primary-before\"><p>&#8220;O que eu fico pensando \u00e9 como uma crian\u00e7a consegue passar por um sistema de aeroporto que \u00e9 t\u00e3o burocr\u00e1tico para gente passar. Por isso eu quero uma resposta da companhia a\u00e9rea e do aeroporto sobre como o meu filho conseguiu embarcar sozinho&#8221;, concluiu Daniele.<\/p><\/blockquote>\n<\/div>\n<div class=\"mc-column content-text active-extra-styles \" data-block-type=\"unstyled\" data-block-weight=\"48\" data-block-id=\"5\">\n<p class=\"content-text__container \" data-track-category=\"Link no Texto\" data-track-links=\"\">Segundo a Delegacia Especializada em Prote\u00e7\u00e3o \u00e0 Crian\u00e7a e Adolescente (DEPCA), o menino agiu sem a ajuda de adultos, e, antes de partir,\u00a0<strong>realizou pesquisas na internet de como entrar em um avi\u00e3o despercebida<\/strong>. A Especializada, no entanto, n\u00e3o deu detalhes sobre a pesquisa feita pelo menino.\u00a0 Ainda na nota, a PC disse que a crian\u00e7a n\u00e3o tem hist\u00f3rico de viol\u00eancia familiar e, durante oitivas, a mesma informou que o motivo da viagem seria o desejo de morar em S\u00e3o Paulo, com outros familiares.<\/p>\n<\/div>\n<div class=\"mc-column content-text active-extra-styles \" data-block-type=\"unstyled\" data-block-weight=\"35\" data-block-id=\"8\"><\/div>\n<div class=\"mc-column content-text active-extra-styles\" data-block-type=\"raw\" data-block-weight=\"8\" data-block-id=\"29\">\n<div class=\"content-intertitle\">\n<h2>O que diz a\u00a0Latam\u00a0e o aeroporto?<\/h2>\n<\/div>\n<p>&nbsp;<\/p>\n<\/div>\n<div class=\"mc-column content-text active-extra-styles \" data-block-type=\"unstyled\" data-block-weight=\"40\" data-block-id=\"30\">\n<p class=\"content-text__container \" data-track-category=\"Link no Texto\" data-track-links=\"\">Em nota, a\u00a0Latam\u00a0disse que acionou a Pol\u00edcia Federal e o Conselho Tutelar ap\u00f3s identificar que o menor estava sozinho no voo. Ele foi encaminhado para um abrigo para aguardar os tr\u00e2mites necess\u00e1rios at\u00e9 a recondu\u00e7\u00e3o dele para Manaus.<\/p>\n<p data-track-category=\"Link no Texto\" data-track-links=\"\">\n<\/div>\n<div class=\"mc-column content-text active-extra-styles \" data-block-type=\"unstyled\" data-block-weight=\"18\" data-block-id=\"31\">\n<p class=\"content-text__container \" data-track-category=\"Link no Texto\" data-track-links=\"\">A companhia a\u00e9rea n\u00e3o deu mais detalhes, e informou que ainda est\u00e1 apurando o ocorrido.<\/p>\n<p data-track-category=\"Link no Texto\" data-track-links=\"\">\n<\/div>\n<div class=\"mc-column content-text active-extra-styles \" data-block-type=\"unstyled\" data-block-weight=\"25\" data-block-id=\"32\">\n<p class=\"content-text__container \" data-track-category=\"Link no Texto\" data-track-links=\"\">Ao\u00a0<strong>g1<\/strong>, o Aeroporto Internacional de\u00a0Manaus\u00a0alegou que o caso est\u00e1 sob apura\u00e7\u00e3o interna, assim como a verifica\u00e7\u00e3o das imagens das c\u00e2meras de seguran\u00e7a.<\/p>\n<p data-track-category=\"Link no Texto\" data-track-links=\"\">\n<\/div>\n<div class=\"mc-column content-text active-extra-styles \" data-block-type=\"unstyled\" data-block-weight=\"25\" data-block-id=\"33\">\n<p class=\"content-text__container \" data-track-category=\"Link no Texto\" data-track-links=\"\">O Aeroporto Internacional de\u00a0Manaus\u00a0tamb\u00e9m disse que &#8220;preza pela seguran\u00e7a de todos e segue os procedimentos e normas de seguran\u00e7a da avia\u00e7\u00e3o civil&#8221;.<\/p>\n<p data-track-category=\"Link no Texto\" data-track-links=\"\">\n<\/div>\n<div class=\"mc-column content-text active-extra-styles\" data-block-type=\"raw\" data-block-weight=\"3\" data-block-id=\"34\">\n<div class=\"content-intertitle\"><\/div>\n<\/div>\n<div class=\"mc-column content-text active-extra-styles \" data-block-type=\"unstyled\" data-block-weight=\"22\" data-block-id=\"38\">\n<p class=\"content-text__container \" data-track-category=\"Link no Texto\" data-track-links=\"\">.<\/p>\n<\/div>\n<p data-track-category=\"Link no Texto\" data-track-links=\"\">Por Ayrton Senna Gazel, g1 AM<\/p>\n<p>&nbsp;<\/p>\n","protected":false},"excerpt":{"rendered":"<p>Um menino de 9 anos protagonizou uma hist\u00f3ria surpreendente nesse fim de semana, em\u00a0Manaus. Morador da Zona Oeste, Emanuel Marques de Oliveira foi\u00a0dado como desaparecido\u00a0na manh\u00e3 de s\u00e1bado (26). No final do dia,\u00a0a m\u00e3e descobriu que ele fugiu de casa e foi parar na cidade de\u00a0Guarulhos\u00a0(SP). Ele embarcou sozinho em um voo da\u00a0Latam, que saiu [&hellip;]<\/p>\n","protected":false},"author":5,"featured_media":199772,"comment_status":"closed","ping_status":"closed","sticky":false,"template":"","format":"standard","meta":{"footnotes":""},"categories":[38],"tags":[],"class_list":["post-199771","post","type-post","status-publish","format-standard","has-post-thumbnail","hentry","category-policia"],"_links":{"self":[{"href":"https:\/\/www.ocorreionews.com.br\/acervo-correio\/index.php?rest_route=\/wp\/v2\/posts\/199771","targetHints":{"allow":["GET"]}}],"collection":[{"href":"https:\/\/www.ocorreionews.com.br\/acervo-correio\/index.php?rest_route=\/wp\/v2\/posts"}],"about":[{"href":"https:\/\/www.ocorreionews.com.br\/acervo-correio\/index.php?rest_route=\/wp\/v2\/types\/post"}],"author":[{"embeddable":true,"href":"https:\/\/www.ocorreionews.com.br\/acervo-correio\/index.php?rest_route=\/wp\/v2\/users\/5"}],"replies":[{"embeddable":true,"href":"https:\/\/www.ocorreionews.com.br\/acervo-correio\/index.php?rest_route=%2Fwp%2Fv2%2Fcomments&post=199771"}],"version-history":[{"count":1,"href":"https:\/\/www.ocorreionews.com.br\/acervo-correio\/index.php?rest_route=\/wp\/v2\/posts\/199771\/revisions"}],"predecessor-version":[{"id":199776,"href":"https:\/\/www.ocorreionews.com.br\/acervo-correio\/index.php?rest_route=\/wp\/v2\/posts\/199771\/revisions\/199776"}],"wp:featuredmedia":[{"embeddable":true,"href":"https:\/\/www.ocorreionews.com.br\/acervo-correio\/index.php?rest_route=\/wp\/v2\/media\/199772"}],"wp:attachment":[{"href":"https:\/\/www.ocorreionews.com.br\/acervo-correio\/index.php?rest_route=%2Fwp%2Fv2%2Fmedia&parent=199771"}],"wp:term":[{"taxonomy":"category","embeddable":true,"href":"https:\/\/www.ocorreionews.com.br\/acervo-correio\/index.php?rest_route=%2Fwp%2Fv2%2Fcategories&post=199771"},{"taxonomy":"post_tag","embeddable":true,"href":"https:\/\/www.ocorreionews.com.br\/acervo-correio\/index.php?rest_route=%2Fwp%2Fv2%2Ftags&post=199771"}],"curies":[{"name":"wp","href":"https:\/\/api.w.org\/{rel}","templated":true}]}}