{"id":199775,"date":"2022-03-01T09:45:59","date_gmt":"2022-03-01T13:45:59","guid":{"rendered":"https:\/\/www.ocorreionews.com.br\/acervo-correio\/?p=199775"},"modified":"2022-03-04T09:51:50","modified_gmt":"2022-03-04T13:51:50","slug":"dois-meses-apos-morte-de-menino-que-caiu-de-mangueiro-irma-de-11-anos-morre-em-cidade-de-ms","status":"publish","type":"post","link":"https:\/\/www.ocorreionews.com.br\/acervo-correio\/?p=199775","title":{"rendered":"Dois meses ap\u00f3s morte de menino que caiu de mangueiro, irm\u00e3 de 11 anos morre em cidade de MS"},"content":{"rendered":"<div class=\"artigo_texto\" data-artigo=\"a:544251\">\n<p>Dois meses ap\u00f3s a morte do irm\u00e3o Juan Jorge da Silva Carvalho, de 8 anos, que morreu ap\u00f3s cair de um p\u00e9 de manga em Dois Irm\u00e3os do Buriti, a 115 quil\u00f4metros de Campo Grande, a irm\u00e3 dele, Sarah Cristina da Silva Carvalho, de 11 anos, morreu nessa segunda-feira (28).<\/p>\n<p>Informa\u00e7\u00f5es s\u00e3o de que, por volta das 17 horas dessa segunda (28), a menina teria tido um desmaio em casa, sendo socorrida por familiares at\u00e9 a unidade hospitalar. Os m\u00e9dicos que atenderam a crian\u00e7a disseram que ela j\u00e1 chegou sem pulso.<\/p>\n<p>Foi tentada a reanima\u00e7\u00e3o por cerca de 50 minutos, mas Sarah n\u00e3o resistiu. Segundo o boletim registrado, a menina tinha hist\u00f3rico de convuls\u00f5es.<\/p>\n<p><em><strong>Caso Juan<\/strong><\/em><\/p>\n<p>Juan morreu no dia 1\u00ba de janeiro deste ano, ap\u00f3s cair de um p\u00e9 de manga. A diretora do Hospital Municipal Cristo Rei fez um boletim de ocorr\u00eancia por omiss\u00e3o de socorro contra a m\u00e3e de Juan Jorge da Silva Carvalho, de 8 anos, que morreu ap\u00f3s cair de um p\u00e9 de manga em Dois Irm\u00e3os do Buriti, a 115 quil\u00f4metros de Campo Grande.<\/p>\n<p>De acordo com a diretora, a m\u00e3e foi com o garoto ao hospital no dia 31 de dezembro, afirmando que ele havia ca\u00eddo de um p\u00e9 de manga. Ainda segundo o hospital, o m\u00e9dico plantonista disse que ele teria que ficar em observa\u00e7\u00e3o e, possivelmente, poderia ser transferido.<\/p>\n<p>Ainda segundo o hospital, a m\u00e3e ent\u00e3o se recusou e fugiu com a crian\u00e7a sem que ela ao menos fosse medicada. Consta no boletim de ocorr\u00eancia que a m\u00e3e retornou na manh\u00e3 do dia seguinte (1\u00ba) ao hospital, com a crian\u00e7a j\u00e1 em \u00f3bito, para que ela fosse atendida. M\u00e9dico de plant\u00e3o teria tentado reanimar a crian\u00e7a que j\u00e1 tinha falecido. O caso foi registrado como omiss\u00e3o de socorro qualificada se resulta morte e morte a esclarecer.<\/p>\n<p><em><strong>Vers\u00e3o da fam\u00edlia para o caso<\/strong><\/em><\/p>\n<p>Familiares da crian\u00e7a contaram que Juan estava brincando quando caiu do p\u00e9 de manga. Com a queda, o menino n\u00e3o conseguia se levantar e sentia muitas dores. \u201cEle at\u00e9 fez as necessidades na roupa. A gente levou correndo para o hospital e quando chegamos l\u00e1, ainda mandaram dar banho no menino antes do atendimento\u201d, disse um parente da v\u00edtima.<\/p>\n<p>A m\u00e3e de Juan, Elisangela Santos Carvalho, de 36 anos, denuncia que o Hospital Municipal Cristo Rei n\u00e3o prestou o devido socorro ao filho.\u00a0\u201cN\u00e3o realizaram exames. Meu filho estava passando mal, ele tinha batido a cabe\u00e7a. Deixaram em observa\u00e7\u00e3o, mas sem medicamentos. Ap\u00f3s ficar v\u00e1rias horas esperando e ele sem tomar rem\u00e9dio eu fui perguntar se ele j\u00e1 podia receber alta, mas uma enfermeira disse que eu poderia ir e que era pra eu voltar se acaso o Juan n\u00e3o ficasse bem\u201d, lembrou a m\u00e3e.<\/p>\n<p>Ainda segundo Elisangela, ela levou o filho para casa e ele ficou bem. No dia seguinte \u00e0 queda, a m\u00e3e explica que chegou a conversar com o filho, mas que a crian\u00e7a foi a \u00f3bito minutos depois.<\/p>\n<p>\u201cConversei um pouco com ele e fui fazer caf\u00e9, mas quando voltei meu filho estava desacordado. Sa\u00edmos desesperados em busca de ajuda e o levamos para o hospital, mas ele acabou morrendo\u201d, lamentou.\u00a0Para a m\u00e3e, exames feitos com anteced\u00eancia e um r\u00e1pido atendimento teriam salvado a vida de seu filho. \u201cO Juan chegou e me mandaram dar banho nele antes do m\u00e9dico atender. N\u00e3o fizeram exames, n\u00e3o se importaram\u201d, disse na \u00e9poca.<\/p>\n<\/div>\n<p>&nbsp;<\/p>\n<p>&nbsp;<\/p>\n<p>*Midiamax &#8211; Thatiana Melo<\/p>\n","protected":false},"excerpt":{"rendered":"<p>Dois meses ap\u00f3s a morte do irm\u00e3o Juan Jorge da Silva Carvalho, de 8 anos, que morreu ap\u00f3s cair de um p\u00e9 de manga em Dois Irm\u00e3os do Buriti, a 115 quil\u00f4metros de Campo Grande, a irm\u00e3 dele, Sarah Cristina da Silva Carvalho, de 11 anos, morreu nessa segunda-feira (28). Informa\u00e7\u00f5es s\u00e3o de que, por [&hellip;]<\/p>\n","protected":false},"author":5,"featured_media":199945,"comment_status":"closed","ping_status":"closed","sticky":false,"template":"","format":"standard","meta":{"footnotes":""},"categories":[38],"tags":[],"class_list":["post-199775","post","type-post","status-publish","format-standard","has-post-thumbnail","hentry","category-policia"],"_links":{"self":[{"href":"https:\/\/www.ocorreionews.com.br\/acervo-correio\/index.php?rest_route=\/wp\/v2\/posts\/199775","targetHints":{"allow":["GET"]}}],"collection":[{"href":"https:\/\/www.ocorreionews.com.br\/acervo-correio\/index.php?rest_route=\/wp\/v2\/posts"}],"about":[{"href":"https:\/\/www.ocorreionews.com.br\/acervo-correio\/index.php?rest_route=\/wp\/v2\/types\/post"}],"author":[{"embeddable":true,"href":"https:\/\/www.ocorreionews.com.br\/acervo-correio\/index.php?rest_route=\/wp\/v2\/users\/5"}],"replies":[{"embeddable":true,"href":"https:\/\/www.ocorreionews.com.br\/acervo-correio\/index.php?rest_route=%2Fwp%2Fv2%2Fcomments&post=199775"}],"version-history":[{"count":1,"href":"https:\/\/www.ocorreionews.com.br\/acervo-correio\/index.php?rest_route=\/wp\/v2\/posts\/199775\/revisions"}],"predecessor-version":[{"id":200073,"href":"https:\/\/www.ocorreionews.com.br\/acervo-correio\/index.php?rest_route=\/wp\/v2\/posts\/199775\/revisions\/200073"}],"wp:featuredmedia":[{"embeddable":true,"href":"https:\/\/www.ocorreionews.com.br\/acervo-correio\/index.php?rest_route=\/wp\/v2\/media\/199945"}],"wp:attachment":[{"href":"https:\/\/www.ocorreionews.com.br\/acervo-correio\/index.php?rest_route=%2Fwp%2Fv2%2Fmedia&parent=199775"}],"wp:term":[{"taxonomy":"category","embeddable":true,"href":"https:\/\/www.ocorreionews.com.br\/acervo-correio\/index.php?rest_route=%2Fwp%2Fv2%2Fcategories&post=199775"},{"taxonomy":"post_tag","embeddable":true,"href":"https:\/\/www.ocorreionews.com.br\/acervo-correio\/index.php?rest_route=%2Fwp%2Fv2%2Ftags&post=199775"}],"curies":[{"name":"wp","href":"https:\/\/api.w.org\/{rel}","templated":true}]}}