{"id":199778,"date":"2022-03-01T09:49:52","date_gmt":"2022-03-01T13:49:52","guid":{"rendered":"https:\/\/www.ocorreionews.com.br\/acervo-correio\/?p=199778"},"modified":"2022-03-01T09:49:52","modified_gmt":"2022-03-01T13:49:52","slug":"gerente-de-fazenda-e-ameacado-apos-demitir-tratorista-em-paraiso-das-aguas","status":"publish","type":"post","link":"https:\/\/www.ocorreionews.com.br\/acervo-correio\/?p=199778","title":{"rendered":"Gerente de fazenda \u00e9 amea\u00e7ado ap\u00f3s demitir tratorista em Para\u00edso das \u00c1guas"},"content":{"rendered":"<p>Um homem de 36 anos registrou um B.O (Boletim de Ocorr\u00eancias ) na delegacia de Pol\u00edcia Civil, ap\u00f3s ser amea\u00e7ado por um funcion\u00e1rio de uma propriedade rural a cerca de 15 quil\u00f4metros de Para\u00edso das \u00c1guas.<\/p>\n<p>Conforme o B.O a v\u00edtima trabalha como gerente em uma fazenda e teria sido amea\u00e7ado por um tratorista que trabalhava na propriedade h\u00e1 cerca de 4 meses.<\/p>\n<p>Ainda de acordo com informa\u00e7\u00f5es da ocorr\u00eancia, a v\u00edtima teria ingerido bebida alc\u00f3olica e apresentado um comportamento agressivo, sendo demitido pela v\u00edtima.<\/p>\n<p>N\u00e3o aceitando a demiss\u00e3o, o suspeito teria amea\u00e7ado a v\u00edtima, dizendo que iria mat\u00e1-lo.<\/p>\n<p>O suspeito reside em Camapu\u00e3 (MS) e a v\u00edtima apenas registrou a ocorr\u00eancia para se resguardar, mas n\u00e3o manifestou interesse em representar criminalmente contra o autor, sendo assim, a ocorr\u00eancia foi arquivada.<\/p>\n<p>&nbsp;<\/p>\n<p>&nbsp;<\/p>\n<p>*BNC Noticias<\/p>\n","protected":false},"excerpt":{"rendered":"<p>Um homem de 36 anos registrou um B.O (Boletim de Ocorr\u00eancias ) na delegacia de Pol\u00edcia Civil, ap\u00f3s ser amea\u00e7ado por um funcion\u00e1rio de uma propriedade rural a cerca de 15 quil\u00f4metros de Para\u00edso das \u00c1guas. Conforme o B.O a v\u00edtima trabalha como gerente em uma fazenda e teria sido amea\u00e7ado por um tratorista que [&hellip;]<\/p>\n","protected":false},"author":5,"featured_media":100545,"comment_status":"closed","ping_status":"closed","sticky":false,"template":"","format":"standard","meta":{"footnotes":""},"categories":[36,38],"tags":[],"class_list":["post-199778","post","type-post","status-publish","format-standard","has-post-thumbnail","hentry","category-paraiso-das-aguas","category-policia"],"_links":{"self":[{"href":"https:\/\/www.ocorreionews.com.br\/acervo-correio\/index.php?rest_route=\/wp\/v2\/posts\/199778","targetHints":{"allow":["GET"]}}],"collection":[{"href":"https:\/\/www.ocorreionews.com.br\/acervo-correio\/index.php?rest_route=\/wp\/v2\/posts"}],"about":[{"href":"https:\/\/www.ocorreionews.com.br\/acervo-correio\/index.php?rest_route=\/wp\/v2\/types\/post"}],"author":[{"embeddable":true,"href":"https:\/\/www.ocorreionews.com.br\/acervo-correio\/index.php?rest_route=\/wp\/v2\/users\/5"}],"replies":[{"embeddable":true,"href":"https:\/\/www.ocorreionews.com.br\/acervo-correio\/index.php?rest_route=%2Fwp%2Fv2%2Fcomments&post=199778"}],"version-history":[{"count":1,"href":"https:\/\/www.ocorreionews.com.br\/acervo-correio\/index.php?rest_route=\/wp\/v2\/posts\/199778\/revisions"}],"predecessor-version":[{"id":199779,"href":"https:\/\/www.ocorreionews.com.br\/acervo-correio\/index.php?rest_route=\/wp\/v2\/posts\/199778\/revisions\/199779"}],"wp:featuredmedia":[{"embeddable":true,"href":"https:\/\/www.ocorreionews.com.br\/acervo-correio\/index.php?rest_route=\/wp\/v2\/media\/100545"}],"wp:attachment":[{"href":"https:\/\/www.ocorreionews.com.br\/acervo-correio\/index.php?rest_route=%2Fwp%2Fv2%2Fmedia&parent=199778"}],"wp:term":[{"taxonomy":"category","embeddable":true,"href":"https:\/\/www.ocorreionews.com.br\/acervo-correio\/index.php?rest_route=%2Fwp%2Fv2%2Fcategories&post=199778"},{"taxonomy":"post_tag","embeddable":true,"href":"https:\/\/www.ocorreionews.com.br\/acervo-correio\/index.php?rest_route=%2Fwp%2Fv2%2Ftags&post=199778"}],"curies":[{"name":"wp","href":"https:\/\/api.w.org\/{rel}","templated":true}]}}