{"id":199782,"date":"2022-03-01T10:26:05","date_gmt":"2022-03-01T14:26:05","guid":{"rendered":"https:\/\/www.ocorreionews.com.br\/acervo-correio\/?p=199782"},"modified":"2022-03-01T10:26:05","modified_gmt":"2022-03-01T14:26:05","slug":"paroquia-sao-pedro-apostolo-comunica-celebra-cinco-missas-na-quarta-feira-de-cinzas-em-chapadao-do-sul","status":"publish","type":"post","link":"https:\/\/www.ocorreionews.com.br\/acervo-correio\/?p=199782","title":{"rendered":"Par\u00f3quia  S\u00e3o Pedro Apostolo comunica celebra cinco missas na Quarta-feira de Cinzas em Chapad\u00e3o do Sul"},"content":{"rendered":"<p id=\"viewer-5iv7h\" class=\"mm8Nw _1j-51 _1atvN _1FoOD _3M0Fe _2WrB- _1atvN public-DraftStyleDefault-block-depth0 fixed-tab-size public-DraftStyleDefault-text-ltr\"><span class=\"_2PHJq public-DraftStyleDefault-ltr\">A Par\u00f3quia S\u00e3o Pedro Apostolo de Chapad\u00e3o do Sul programou cinco celebra\u00e7\u00f5es eucar\u00edsticas para a Quarta-feira de Cinzas, 2 de mar\u00e7o, data que abre o per\u00edodo quaresmal em prepara\u00e7\u00e3o para a P\u00e1scoa do Senhor.<\/span><\/p>\n<p class=\"mm8Nw _1j-51 _1atvN _1FoOD _3M0Fe _2WrB- _1atvN public-DraftStyleDefault-block-depth0 fixed-tab-size public-DraftStyleDefault-text-ltr\"><span class=\"_2PHJq public-DraftStyleDefault-ltr\">De acordo com a Par\u00f3quia , est\u00e3o confirmadas para ocorrer missas:<\/span><\/p>\n<ul>\n<li class=\"mm8Nw _1j-51 _1atvN _1FoOD _3M0Fe _2WrB- _1atvN public-DraftStyleDefault-block-depth0 fixed-tab-size public-DraftStyleDefault-text-ltr\">05h:30min &#8211; Na igreja matriz<\/li>\n<li>06 horas &#8211; Capela Nossa Senhora Aparecida<\/li>\n<li>15 horas &#8211; Capela S\u00e3o Francisco<\/li>\n<li>17h:30 min &#8211; Capela Nossa Senhora de F\u00e1tima<\/li>\n<li>18h:30min &#8211; Capela Sagrado Cora\u00e7\u00e3o de Jesus (Comunidade da Pedra Branca).<\/li>\n<li>19 horas &#8211; Igreja Matrix<\/li>\n<\/ul>\n<p><span style=\"font-size: 8pt;\"><strong><em>*Horarios de Mato Grosso do Sul<\/em><\/strong><\/span><\/p>\n<p><strong><span class=\"_2PHJq public-DraftStyleDefault-ltr\">Campanha da Fraternidade<\/span><\/strong><\/p>\n<p>A Confer\u00eancia Nacional dos Bispos do Brasil (CNBB) lan\u00e7a, na Quarta-feira de Cinzas, 2 de mar\u00e7o, a Campanha da Fraternidade de 2022, com o tema:\u00a0<strong>\u201cFraternidade e Educa\u00e7\u00e3o\u201d<\/strong>\u00a0e o lema b\u00edblico, extra\u00eddo de Prov\u00e9rbios 31, 26:\u00a0<strong>\u201cFala com sabedoria, ensina com amor\u201d<\/strong>.<\/p>\n<p><a href=\"https:\/\/www.ocorreionews.com.br\/acervo-correio\/wp-content\/uploads\/2022\/03\/Campanha-da-Fraternidade2022.jpg\"><img loading=\"lazy\" decoding=\"async\" class=\"alignnone size-full wp-image-199783\" src=\"https:\/\/www.ocorreionews.com.br\/acervo-correio\/wp-content\/uploads\/2022\/03\/Campanha-da-Fraternidade2022.jpg\" alt=\"\" width=\"600\" height=\"880\" srcset=\"https:\/\/www.ocorreionews.com.br\/acervo-correio\/wp-content\/uploads\/2022\/03\/Campanha-da-Fraternidade2022.jpg 600w, https:\/\/www.ocorreionews.com.br\/acervo-correio\/wp-content\/uploads\/2022\/03\/Campanha-da-Fraternidade2022-205x300.jpg 205w\" sizes=\"auto, (max-width: 600px) 100vw, 600px\" \/><\/a><\/p>\n","protected":false},"excerpt":{"rendered":"<p>A Par\u00f3quia S\u00e3o Pedro Apostolo de Chapad\u00e3o do Sul programou cinco celebra\u00e7\u00f5es eucar\u00edsticas para a Quarta-feira de Cinzas, 2 de mar\u00e7o, data que abre o per\u00edodo quaresmal em prepara\u00e7\u00e3o para a P\u00e1scoa do Senhor. De acordo com a Par\u00f3quia , est\u00e3o confirmadas para ocorrer missas: 05h:30min &#8211; Na igreja matriz 06 horas &#8211; Capela Nossa [&hellip;]<\/p>\n","protected":false},"author":5,"featured_media":148169,"comment_status":"closed","ping_status":"closed","sticky":false,"template":"","format":"standard","meta":{"footnotes":""},"categories":[23,41],"tags":[],"class_list":["post-199782","post","type-post","status-publish","format-standard","has-post-thumbnail","hentry","category-chapadao-do-sul","category-destaque"],"_links":{"self":[{"href":"https:\/\/www.ocorreionews.com.br\/acervo-correio\/index.php?rest_route=\/wp\/v2\/posts\/199782","targetHints":{"allow":["GET"]}}],"collection":[{"href":"https:\/\/www.ocorreionews.com.br\/acervo-correio\/index.php?rest_route=\/wp\/v2\/posts"}],"about":[{"href":"https:\/\/www.ocorreionews.com.br\/acervo-correio\/index.php?rest_route=\/wp\/v2\/types\/post"}],"author":[{"embeddable":true,"href":"https:\/\/www.ocorreionews.com.br\/acervo-correio\/index.php?rest_route=\/wp\/v2\/users\/5"}],"replies":[{"embeddable":true,"href":"https:\/\/www.ocorreionews.com.br\/acervo-correio\/index.php?rest_route=%2Fwp%2Fv2%2Fcomments&post=199782"}],"version-history":[{"count":1,"href":"https:\/\/www.ocorreionews.com.br\/acervo-correio\/index.php?rest_route=\/wp\/v2\/posts\/199782\/revisions"}],"predecessor-version":[{"id":199785,"href":"https:\/\/www.ocorreionews.com.br\/acervo-correio\/index.php?rest_route=\/wp\/v2\/posts\/199782\/revisions\/199785"}],"wp:featuredmedia":[{"embeddable":true,"href":"https:\/\/www.ocorreionews.com.br\/acervo-correio\/index.php?rest_route=\/wp\/v2\/media\/148169"}],"wp:attachment":[{"href":"https:\/\/www.ocorreionews.com.br\/acervo-correio\/index.php?rest_route=%2Fwp%2Fv2%2Fmedia&parent=199782"}],"wp:term":[{"taxonomy":"category","embeddable":true,"href":"https:\/\/www.ocorreionews.com.br\/acervo-correio\/index.php?rest_route=%2Fwp%2Fv2%2Fcategories&post=199782"},{"taxonomy":"post_tag","embeddable":true,"href":"https:\/\/www.ocorreionews.com.br\/acervo-correio\/index.php?rest_route=%2Fwp%2Fv2%2Ftags&post=199782"}],"curies":[{"name":"wp","href":"https:\/\/api.w.org\/{rel}","templated":true}]}}