{"id":199786,"date":"2022-03-01T10:54:43","date_gmt":"2022-03-01T14:54:43","guid":{"rendered":"https:\/\/www.ocorreionews.com.br\/acervo-correio\/?p=199786"},"modified":"2022-03-01T10:54:43","modified_gmt":"2022-03-01T14:54:43","slug":"corpo-de-bombeiros-de-chapadao-do-sul-recebe-doacao-de-drone","status":"publish","type":"post","link":"https:\/\/www.ocorreionews.com.br\/acervo-correio\/?p=199786","title":{"rendered":"Corpo de Bombeiros de Chapad\u00e3o do Sul recebe doa\u00e7\u00e3o de drone"},"content":{"rendered":"<p>O 7\u00ba Subgrupamento do Corpo de Bombeiros de Chapad\u00e3o do Sul recebeu na manh\u00e3 desta ter\u00e7a-feira (01), a doa\u00e7\u00e3o de drone para auxiliar nas ocorr\u00eancias na cidade e regi\u00e3o.<\/p>\n<p>O drone modelo Entrerprise Dual foi doado pelo Grupo Bandeirantes, por interm\u00e9dio do Minist\u00e9rio P\u00fablico do Trabalho, a doa\u00e7\u00e3o aconteceu na cidade de S\u00e3o Carlos &#8211; SP.<\/p>\n<p>Drone Entrerprise Dual de \u00faltima gera\u00e7\u00e3o, conta com alto falante, Spot Luz Led, sinalizador para outras aeronaves, C\u00e2mera\u00a0T\u00e9rmica, filmagem 4k, e com at\u00e9 8km de alcance, entre outras fun\u00e7\u00f5es, o valor investido foi em R$ 36 mil.<\/p>\n<p>Segundo o comandante dos Bombeiros de Chapad\u00e3o do Sul o Capit\u00e3o Eduardo Tracz, o aparelho doado pelo Grupo Bandeirantes, vai somar muito para o atendimento de ocorr\u00eancias na regi\u00e3o.<\/p>\n<p><a href=\"https:\/\/www.ocorreionews.com.br\/acervo-correio\/wp-content\/uploads\/2022\/03\/drome.jpg\"><img loading=\"lazy\" decoding=\"async\" class=\"alignnone  wp-image-199791\" src=\"https:\/\/www.ocorreionews.com.br\/acervo-correio\/wp-content\/uploads\/2022\/03\/drome.jpg\" alt=\"\" width=\"599\" height=\"276\" srcset=\"https:\/\/www.ocorreionews.com.br\/acervo-correio\/wp-content\/uploads\/2022\/03\/drome.jpg 1600w, https:\/\/www.ocorreionews.com.br\/acervo-correio\/wp-content\/uploads\/2022\/03\/drome-300x138.jpg 300w, https:\/\/www.ocorreionews.com.br\/acervo-correio\/wp-content\/uploads\/2022\/03\/drome-1024x471.jpg 1024w, https:\/\/www.ocorreionews.com.br\/acervo-correio\/wp-content\/uploads\/2022\/03\/drome-768x353.jpg 768w, https:\/\/www.ocorreionews.com.br\/acervo-correio\/wp-content\/uploads\/2022\/03\/drome-1536x707.jpg 1536w\" sizes=\"auto, (max-width: 599px) 100vw, 599px\" \/><\/a> <a href=\"https:\/\/www.ocorreionews.com.br\/acervo-correio\/wp-content\/uploads\/2022\/03\/doacao-drome-3.jpg\"><img loading=\"lazy\" decoding=\"async\" class=\"alignnone  wp-image-199789\" src=\"https:\/\/www.ocorreionews.com.br\/acervo-correio\/wp-content\/uploads\/2022\/03\/doacao-drome-3.jpg\" alt=\"\" width=\"601\" height=\"451\" srcset=\"https:\/\/www.ocorreionews.com.br\/acervo-correio\/wp-content\/uploads\/2022\/03\/doacao-drome-3.jpg 640w, https:\/\/www.ocorreionews.com.br\/acervo-correio\/wp-content\/uploads\/2022\/03\/doacao-drome-3-300x225.jpg 300w, https:\/\/www.ocorreionews.com.br\/acervo-correio\/wp-content\/uploads\/2022\/03\/doacao-drome-3-86x64.jpg 86w\" sizes=\"auto, (max-width: 601px) 100vw, 601px\" \/><\/a> <a href=\"https:\/\/www.ocorreionews.com.br\/acervo-correio\/wp-content\/uploads\/2022\/03\/doacao-drome-2.jpg\"><img loading=\"lazy\" decoding=\"async\" class=\"alignnone  wp-image-199788\" src=\"https:\/\/www.ocorreionews.com.br\/acervo-correio\/wp-content\/uploads\/2022\/03\/doacao-drome-2.jpg\" alt=\"\" width=\"597\" height=\"335\" srcset=\"https:\/\/www.ocorreionews.com.br\/acervo-correio\/wp-content\/uploads\/2022\/03\/doacao-drome-2.jpg 739w, https:\/\/www.ocorreionews.com.br\/acervo-correio\/wp-content\/uploads\/2022\/03\/doacao-drome-2-300x168.jpg 300w\" sizes=\"auto, (max-width: 597px) 100vw, 597px\" \/><\/a><\/p>\n","protected":false},"excerpt":{"rendered":"<p>O 7\u00ba Subgrupamento do Corpo de Bombeiros de Chapad\u00e3o do Sul recebeu na manh\u00e3 desta ter\u00e7a-feira (01), a doa\u00e7\u00e3o de drone para auxiliar nas ocorr\u00eancias na cidade e regi\u00e3o. O drone modelo Entrerprise Dual foi doado pelo Grupo Bandeirantes, por interm\u00e9dio do Minist\u00e9rio P\u00fablico do Trabalho, a doa\u00e7\u00e3o aconteceu na cidade de S\u00e3o Carlos &#8211; [&hellip;]<\/p>\n","protected":false},"author":5,"featured_media":199790,"comment_status":"closed","ping_status":"closed","sticky":false,"template":"","format":"standard","meta":{"footnotes":""},"categories":[23,41],"tags":[],"class_list":["post-199786","post","type-post","status-publish","format-standard","has-post-thumbnail","hentry","category-chapadao-do-sul","category-destaque"],"_links":{"self":[{"href":"https:\/\/www.ocorreionews.com.br\/acervo-correio\/index.php?rest_route=\/wp\/v2\/posts\/199786","targetHints":{"allow":["GET"]}}],"collection":[{"href":"https:\/\/www.ocorreionews.com.br\/acervo-correio\/index.php?rest_route=\/wp\/v2\/posts"}],"about":[{"href":"https:\/\/www.ocorreionews.com.br\/acervo-correio\/index.php?rest_route=\/wp\/v2\/types\/post"}],"author":[{"embeddable":true,"href":"https:\/\/www.ocorreionews.com.br\/acervo-correio\/index.php?rest_route=\/wp\/v2\/users\/5"}],"replies":[{"embeddable":true,"href":"https:\/\/www.ocorreionews.com.br\/acervo-correio\/index.php?rest_route=%2Fwp%2Fv2%2Fcomments&post=199786"}],"version-history":[{"count":1,"href":"https:\/\/www.ocorreionews.com.br\/acervo-correio\/index.php?rest_route=\/wp\/v2\/posts\/199786\/revisions"}],"predecessor-version":[{"id":199792,"href":"https:\/\/www.ocorreionews.com.br\/acervo-correio\/index.php?rest_route=\/wp\/v2\/posts\/199786\/revisions\/199792"}],"wp:featuredmedia":[{"embeddable":true,"href":"https:\/\/www.ocorreionews.com.br\/acervo-correio\/index.php?rest_route=\/wp\/v2\/media\/199790"}],"wp:attachment":[{"href":"https:\/\/www.ocorreionews.com.br\/acervo-correio\/index.php?rest_route=%2Fwp%2Fv2%2Fmedia&parent=199786"}],"wp:term":[{"taxonomy":"category","embeddable":true,"href":"https:\/\/www.ocorreionews.com.br\/acervo-correio\/index.php?rest_route=%2Fwp%2Fv2%2Fcategories&post=199786"},{"taxonomy":"post_tag","embeddable":true,"href":"https:\/\/www.ocorreionews.com.br\/acervo-correio\/index.php?rest_route=%2Fwp%2Fv2%2Ftags&post=199786"}],"curies":[{"name":"wp","href":"https:\/\/api.w.org\/{rel}","templated":true}]}}