{"id":199794,"date":"2022-03-01T16:41:01","date_gmt":"2022-03-01T20:41:01","guid":{"rendered":"https:\/\/www.ocorreionews.com.br\/acervo-correio\/?p=199794"},"modified":"2022-03-02T08:43:15","modified_gmt":"2022-03-02T12:43:15","slug":"costa-rica-encerra-a-preparacao-para-estreia-na-copa-do-brasil-nesta-quarta-feira","status":"publish","type":"post","link":"https:\/\/www.ocorreionews.com.br\/acervo-correio\/?p=199794","title":{"rendered":"Costa Rica estr\u00e9ia na Copa do Brasil nesta quarta contra ABC de Natal"},"content":{"rendered":"<p>&nbsp;<\/p>\n<p>Ap\u00f3s vit\u00f3ria no \u00faltimo final de semana pelo Campeonato Sul-mato-grossense, o Costa Rica virou a chavinha e voltou os esfor\u00e7os na prepara\u00e7\u00e3o do time para estreia na Copa do Brasil, que marcar\u00e1 a primeira competi\u00e7\u00e3o nacional disputada pela equipe.<\/p>\n<p>O atual campe\u00e3o estadual \u00e9 o \u00fanico representante de Mato Grosso do Sul na competi\u00e7\u00e3o. A equipe comandada pelo t\u00e9cnico Ito Roque far\u00e1 sua estreia na Copa do Brasil na quarta-feira (02), diante do ABC-RN, as 20 horas no Est\u00e1dio Laert\u00e3o, na cidade de Costa Rica.<\/p>\n<p><a href=\"https:\/\/www.ocorreionews.com.br\/acervo-correio\/wp-content\/uploads\/2022\/03\/FB_IMG_1646167228092.jpg\"><img loading=\"lazy\" decoding=\"async\" class=\"alignnone wp-image-199797\" src=\"https:\/\/www.ocorreionews.com.br\/acervo-correio\/wp-content\/uploads\/2022\/03\/FB_IMG_1646167228092.jpg\" alt=\"\" width=\"597\" height=\"746\" srcset=\"https:\/\/www.ocorreionews.com.br\/acervo-correio\/wp-content\/uploads\/2022\/03\/FB_IMG_1646167228092.jpg 1080w, https:\/\/www.ocorreionews.com.br\/acervo-correio\/wp-content\/uploads\/2022\/03\/FB_IMG_1646167228092-240x300.jpg 240w, https:\/\/www.ocorreionews.com.br\/acervo-correio\/wp-content\/uploads\/2022\/03\/FB_IMG_1646167228092-819x1024.jpg 819w, https:\/\/www.ocorreionews.com.br\/acervo-correio\/wp-content\/uploads\/2022\/03\/FB_IMG_1646167228092-768x960.jpg 768w\" sizes=\"auto, (max-width: 597px) 100vw, 597px\" \/><\/a><\/p>\n<p>A 1\u00aa fase da Copa do Brasil re\u00fane 80 dos 92 participantes da competi\u00e7\u00e3o. Na fase inicial os duelos ser\u00e3o disputados em jogos \u00fanicos, com mando do time de pior ranqueado. O vencedor do confronto garante vaga na 2\u00aa fase. O time visitante ter\u00e1, tamb\u00e9m, a vantagem do empate, portanto o Costa Rica precisa vencer por qualquer placar para avan\u00e7ar na competi\u00e7\u00e3o.<\/p>\n<p><strong>Advers\u00e1rios<\/strong>\u00a0\u2013 O ABC desembarcou em Campo Grande na madrugada de segunda-feira (28) e iniciou a prepara\u00e7\u00e3o para enfrentar a equipe sul-mato-grossense no campo do Sinpol-MS, com treinos coletivos, t\u00e1ticos e de posicionamento.<\/p>\n<p>Na tarde de hoje, ap\u00f3s o almo\u00e7o a delega\u00e7\u00e3o Alvinegra embarcou de \u00f4nibus para Costa Rica, onde far\u00e1 um treino de reconhecimento do gramado Laert\u00e3o antes da partida.<\/p>\n<p><a href=\"https:\/\/www.ocorreionews.com.br\/acervo-correio\/wp-content\/uploads\/2022\/03\/1hhy9o4e9mtl6.webp\"><img loading=\"lazy\" decoding=\"async\" class=\"alignnone wp-image-199796\" src=\"https:\/\/www.ocorreionews.com.br\/acervo-correio\/wp-content\/uploads\/2022\/03\/1hhy9o4e9mtl6.webp\" alt=\"\" width=\"602\" height=\"452\" srcset=\"https:\/\/www.ocorreionews.com.br\/acervo-correio\/wp-content\/uploads\/2022\/03\/1hhy9o4e9mtl6.webp 1024w, https:\/\/www.ocorreionews.com.br\/acervo-correio\/wp-content\/uploads\/2022\/03\/1hhy9o4e9mtl6-300x225.webp 300w, https:\/\/www.ocorreionews.com.br\/acervo-correio\/wp-content\/uploads\/2022\/03\/1hhy9o4e9mtl6-768x576.webp 768w, https:\/\/www.ocorreionews.com.br\/acervo-correio\/wp-content\/uploads\/2022\/03\/1hhy9o4e9mtl6-86x64.webp 86w\" sizes=\"auto, (max-width: 602px) 100vw, 602px\" \/><\/a><\/p>\n<p>&nbsp;<\/p>\n<p>Por Jhefferson Gamarra &#8211; CAMPO GRANDE NEWS<\/p>\n","protected":false},"excerpt":{"rendered":"<p>&nbsp; Ap\u00f3s vit\u00f3ria no \u00faltimo final de semana pelo Campeonato Sul-mato-grossense, o Costa Rica virou a chavinha e voltou os esfor\u00e7os na prepara\u00e7\u00e3o do time para estreia na Copa do Brasil, que marcar\u00e1 a primeira competi\u00e7\u00e3o nacional disputada pela equipe. O atual campe\u00e3o estadual \u00e9 o \u00fanico representante de Mato Grosso do Sul na competi\u00e7\u00e3o. [&hellip;]<\/p>\n","protected":false},"author":5,"featured_media":199795,"comment_status":"closed","ping_status":"closed","sticky":false,"template":"","format":"standard","meta":{"footnotes":""},"categories":[25,41],"tags":[],"class_list":["post-199794","post","type-post","status-publish","format-standard","has-post-thumbnail","hentry","category-costa-rica","category-destaque"],"_links":{"self":[{"href":"https:\/\/www.ocorreionews.com.br\/acervo-correio\/index.php?rest_route=\/wp\/v2\/posts\/199794","targetHints":{"allow":["GET"]}}],"collection":[{"href":"https:\/\/www.ocorreionews.com.br\/acervo-correio\/index.php?rest_route=\/wp\/v2\/posts"}],"about":[{"href":"https:\/\/www.ocorreionews.com.br\/acervo-correio\/index.php?rest_route=\/wp\/v2\/types\/post"}],"author":[{"embeddable":true,"href":"https:\/\/www.ocorreionews.com.br\/acervo-correio\/index.php?rest_route=\/wp\/v2\/users\/5"}],"replies":[{"embeddable":true,"href":"https:\/\/www.ocorreionews.com.br\/acervo-correio\/index.php?rest_route=%2Fwp%2Fv2%2Fcomments&post=199794"}],"version-history":[{"count":1,"href":"https:\/\/www.ocorreionews.com.br\/acervo-correio\/index.php?rest_route=\/wp\/v2\/posts\/199794\/revisions"}],"predecessor-version":[{"id":199825,"href":"https:\/\/www.ocorreionews.com.br\/acervo-correio\/index.php?rest_route=\/wp\/v2\/posts\/199794\/revisions\/199825"}],"wp:featuredmedia":[{"embeddable":true,"href":"https:\/\/www.ocorreionews.com.br\/acervo-correio\/index.php?rest_route=\/wp\/v2\/media\/199795"}],"wp:attachment":[{"href":"https:\/\/www.ocorreionews.com.br\/acervo-correio\/index.php?rest_route=%2Fwp%2Fv2%2Fmedia&parent=199794"}],"wp:term":[{"taxonomy":"category","embeddable":true,"href":"https:\/\/www.ocorreionews.com.br\/acervo-correio\/index.php?rest_route=%2Fwp%2Fv2%2Fcategories&post=199794"},{"taxonomy":"post_tag","embeddable":true,"href":"https:\/\/www.ocorreionews.com.br\/acervo-correio\/index.php?rest_route=%2Fwp%2Fv2%2Ftags&post=199794"}],"curies":[{"name":"wp","href":"https:\/\/api.w.org\/{rel}","templated":true}]}}