{"id":200920,"date":"2022-03-14T15:39:22","date_gmt":"2022-03-14T19:39:22","guid":{"rendered":"https:\/\/www.ocorreionews.com.br\/acervo-correio\/?p=200920"},"modified":"2022-03-14T15:39:22","modified_gmt":"2022-03-14T19:39:22","slug":"brasil-comemora-a-abertura-do-mercado-canadense-para-carne-brasileira","status":"publish","type":"post","link":"https:\/\/www.ocorreionews.com.br\/acervo-correio\/?p=200920","title":{"rendered":"Brasil comemora a abertura do mercado canadense para carne brasileira"},"content":{"rendered":"<div class=\"post-item-wrap\">\n<p>A ministra da Agricultura, Pecu\u00e1ria e Abastecimento, Tereza Cristina,\u00a0comemorou\u00a0nesta\u00a0segunda-feira\u00a0(14) a libera\u00e7\u00e3o, pelo\u00a0Canad\u00e1, das\u00a0importa\u00e7\u00f5es\u00a0de\u00a0carne bovina\u00a0e\u00a0su\u00edna\u00a0do\u00a0Brasil. \u201c\u00d3tima not\u00edcia para o nosso #agro. O\u00a0Canad\u00e1, um dos mais importantes mercados do mundo, autorizou o in\u00edcio da exporta\u00e7\u00e3o de carne bovina e su\u00edna produzidas no Brasil. Agora j\u00e1 s\u00e3o mais de 200 mercados abertos pelo Mapa na\u00a0gest\u00e3o\u00a0do governo Jair Bolsonaro\u201d,\u00a0anunciou\u00a0pelo Twitter.\u00a0<img decoding=\"async\" src=\"https:\/\/agenciabrasil.ebc.com.br\/ebc.png?id=1448087&amp;o=node\" \/><img decoding=\"async\" src=\"https:\/\/agenciabrasil.ebc.com.br\/ebc.gif?id=1448087&amp;o=node\" \/><\/p>\n<p>Tereza Cristina,\u00a0que\u00a0est\u00e1 em miss\u00e3o no\u00a0Canad\u00e1\u00a0desde o \u00faltimo fim de semana,\u00a0disse, na postagem, que ainda\u00a0hoje\u00a0ter\u00e1\u00a0uma s\u00e9rie de reuni\u00f5es para tratar da importa\u00e7\u00e3o de fertilizantes pelo Brasil.<\/p>\n<p>Como\u00a0quarto consumidor global de fertilizantes, respons\u00e1vel por cerca de 8% deste volume e\u00a0como\u00a0maior importador mundial,\u00a0o\u00a0Brasil busca\u00a0novos\u00a0mercados\u00a0de fertilizantes, j\u00e1 que a\u00a0R\u00fassia, principal fornecedor do pa\u00eds,\u00a0sofre san\u00e7\u00f5es mundiais\u00a0por causa da guerra na\u00a0Ucr\u00e2nia.<\/p>\n<p>O\u00a0Brasil\u00a0importa cerca de 85% de todo o fertilizante usado na produ\u00e7\u00e3o agr\u00edcola nacional. No caso do pot\u00e1ssio, o percentual importado \u00e9 de cerca de 95%.<\/p>\n<p>&nbsp;<\/p>\n<p>&nbsp;<\/p>\n<p>Por Karine Melo &#8211; Rep\u00f3rter da Ag\u00eancia Brasil<\/p>\n<\/div>\n","protected":false},"excerpt":{"rendered":"<p>A ministra da Agricultura, Pecu\u00e1ria e Abastecimento, Tereza Cristina,\u00a0comemorou\u00a0nesta\u00a0segunda-feira\u00a0(14) a libera\u00e7\u00e3o, pelo\u00a0Canad\u00e1, das\u00a0importa\u00e7\u00f5es\u00a0de\u00a0carne bovina\u00a0e\u00a0su\u00edna\u00a0do\u00a0Brasil. \u201c\u00d3tima not\u00edcia para o nosso #agro. O\u00a0Canad\u00e1, um dos mais importantes mercados do mundo, autorizou o in\u00edcio da exporta\u00e7\u00e3o de carne bovina e su\u00edna produzidas no Brasil. Agora j\u00e1 s\u00e3o mais de 200 mercados abertos pelo Mapa na\u00a0gest\u00e3o\u00a0do governo Jair Bolsonaro\u201d,\u00a0anunciou\u00a0pelo [&hellip;]<\/p>\n","protected":false},"author":5,"featured_media":200921,"comment_status":"closed","ping_status":"closed","sticky":false,"template":"","format":"standard","meta":{"footnotes":""},"categories":[17],"tags":[],"class_list":["post-200920","post","type-post","status-publish","format-standard","has-post-thumbnail","hentry","category-agropecuaria"],"_links":{"self":[{"href":"https:\/\/www.ocorreionews.com.br\/acervo-correio\/index.php?rest_route=\/wp\/v2\/posts\/200920","targetHints":{"allow":["GET"]}}],"collection":[{"href":"https:\/\/www.ocorreionews.com.br\/acervo-correio\/index.php?rest_route=\/wp\/v2\/posts"}],"about":[{"href":"https:\/\/www.ocorreionews.com.br\/acervo-correio\/index.php?rest_route=\/wp\/v2\/types\/post"}],"author":[{"embeddable":true,"href":"https:\/\/www.ocorreionews.com.br\/acervo-correio\/index.php?rest_route=\/wp\/v2\/users\/5"}],"replies":[{"embeddable":true,"href":"https:\/\/www.ocorreionews.com.br\/acervo-correio\/index.php?rest_route=%2Fwp%2Fv2%2Fcomments&post=200920"}],"version-history":[{"count":1,"href":"https:\/\/www.ocorreionews.com.br\/acervo-correio\/index.php?rest_route=\/wp\/v2\/posts\/200920\/revisions"}],"predecessor-version":[{"id":200922,"href":"https:\/\/www.ocorreionews.com.br\/acervo-correio\/index.php?rest_route=\/wp\/v2\/posts\/200920\/revisions\/200922"}],"wp:featuredmedia":[{"embeddable":true,"href":"https:\/\/www.ocorreionews.com.br\/acervo-correio\/index.php?rest_route=\/wp\/v2\/media\/200921"}],"wp:attachment":[{"href":"https:\/\/www.ocorreionews.com.br\/acervo-correio\/index.php?rest_route=%2Fwp%2Fv2%2Fmedia&parent=200920"}],"wp:term":[{"taxonomy":"category","embeddable":true,"href":"https:\/\/www.ocorreionews.com.br\/acervo-correio\/index.php?rest_route=%2Fwp%2Fv2%2Fcategories&post=200920"},{"taxonomy":"post_tag","embeddable":true,"href":"https:\/\/www.ocorreionews.com.br\/acervo-correio\/index.php?rest_route=%2Fwp%2Fv2%2Ftags&post=200920"}],"curies":[{"name":"wp","href":"https:\/\/api.w.org\/{rel}","templated":true}]}}