{"id":200924,"date":"2022-03-14T17:33:15","date_gmt":"2022-03-14T21:33:15","guid":{"rendered":"https:\/\/www.ocorreionews.com.br\/acervo-correio\/?p=200924"},"modified":"2022-03-14T17:35:07","modified_gmt":"2022-03-14T21:35:07","slug":"chapadao-do-sul-torna-uso-de-mascara-facultativo-em-locais-abertos-e-fechados","status":"publish","type":"post","link":"https:\/\/www.ocorreionews.com.br\/acervo-correio\/?p=200924","title":{"rendered":"Chapad\u00e3o do Sul torna uso de mascara facultativo em locais abertos e fechados"},"content":{"rendered":"<p>A prefeitura municipal de Chapad\u00e3o do Sul pulicar\u00e1 um decreto no pr\u00f3ximo di\u00e1rio oficial tornando o uso de mascara facultativo em locais abertos e fechados na cidade.<\/p>\n<p>Agora a Prefeitura aconselha continuar usando as mascaras, mas deixa de ser obrigat\u00f3rio o uso, tornando-se facultativo, nos \u00f3rg\u00e3os, institui\u00e7\u00f5es e entidades p\u00fablicas; estabelecimentos privados acess\u00edveis ao p\u00fablico.<\/p>\n<p>A decis\u00e3o sobre tornar o uso facultativo foi tomada com base no decreto estadual (o Decreto n\u00ba 15.893, de 09 de mar\u00e7o de 2022), que leva em considera\u00e7\u00e3o a desacelera\u00e7\u00e3o do n\u00famero de casos de Covid-19, \u00f3bitos e interna\u00e7\u00f5es.<\/p>\n<p>Segue abaixo uma copia do novo decreto:<\/p>\n<p><a href=\"https:\/\/www.ocorreionews.com.br\/acervo-correio\/wp-content\/uploads\/2022\/03\/DECRETO-No-3623-USO-DE-MASCARAS-1-scaled.jpg\"><img loading=\"lazy\" decoding=\"async\" class=\"alignnone wp-image-200925\" src=\"https:\/\/www.ocorreionews.com.br\/acervo-correio\/wp-content\/uploads\/2022\/03\/DECRETO-No-3623-USO-DE-MASCARAS-1-scaled.jpg\" alt=\"\" width=\"567\" height=\"874\" srcset=\"https:\/\/www.ocorreionews.com.br\/acervo-correio\/wp-content\/uploads\/2022\/03\/DECRETO-No-3623-USO-DE-MASCARAS-1-scaled.jpg 1660w, https:\/\/www.ocorreionews.com.br\/acervo-correio\/wp-content\/uploads\/2022\/03\/DECRETO-No-3623-USO-DE-MASCARAS-1-194x300.jpg 194w, https:\/\/www.ocorreionews.com.br\/acervo-correio\/wp-content\/uploads\/2022\/03\/DECRETO-No-3623-USO-DE-MASCARAS-1-664x1024.jpg 664w, https:\/\/www.ocorreionews.com.br\/acervo-correio\/wp-content\/uploads\/2022\/03\/DECRETO-No-3623-USO-DE-MASCARAS-1-768x1185.jpg 768w, https:\/\/www.ocorreionews.com.br\/acervo-correio\/wp-content\/uploads\/2022\/03\/DECRETO-No-3623-USO-DE-MASCARAS-1-996x1536.jpg 996w, https:\/\/www.ocorreionews.com.br\/acervo-correio\/wp-content\/uploads\/2022\/03\/DECRETO-No-3623-USO-DE-MASCARAS-1-1328x2048.jpg 1328w\" sizes=\"auto, (max-width: 567px) 100vw, 567px\" \/><\/a><\/p>\n","protected":false},"excerpt":{"rendered":"<p>A prefeitura municipal de Chapad\u00e3o do Sul pulicar\u00e1 um decreto no pr\u00f3ximo di\u00e1rio oficial tornando o uso de mascara facultativo em locais abertos e fechados na cidade. Agora a Prefeitura aconselha continuar usando as mascaras, mas deixa de ser obrigat\u00f3rio o uso, tornando-se facultativo, nos \u00f3rg\u00e3os, institui\u00e7\u00f5es e entidades p\u00fablicas; estabelecimentos privados acess\u00edveis ao p\u00fablico. [&hellip;]<\/p>\n","protected":false},"author":5,"featured_media":200926,"comment_status":"closed","ping_status":"closed","sticky":false,"template":"","format":"standard","meta":{"footnotes":""},"categories":[23,41],"tags":[],"class_list":["post-200924","post","type-post","status-publish","format-standard","has-post-thumbnail","hentry","category-chapadao-do-sul","category-destaque"],"_links":{"self":[{"href":"https:\/\/www.ocorreionews.com.br\/acervo-correio\/index.php?rest_route=\/wp\/v2\/posts\/200924","targetHints":{"allow":["GET"]}}],"collection":[{"href":"https:\/\/www.ocorreionews.com.br\/acervo-correio\/index.php?rest_route=\/wp\/v2\/posts"}],"about":[{"href":"https:\/\/www.ocorreionews.com.br\/acervo-correio\/index.php?rest_route=\/wp\/v2\/types\/post"}],"author":[{"embeddable":true,"href":"https:\/\/www.ocorreionews.com.br\/acervo-correio\/index.php?rest_route=\/wp\/v2\/users\/5"}],"replies":[{"embeddable":true,"href":"https:\/\/www.ocorreionews.com.br\/acervo-correio\/index.php?rest_route=%2Fwp%2Fv2%2Fcomments&post=200924"}],"version-history":[{"count":1,"href":"https:\/\/www.ocorreionews.com.br\/acervo-correio\/index.php?rest_route=\/wp\/v2\/posts\/200924\/revisions"}],"predecessor-version":[{"id":200927,"href":"https:\/\/www.ocorreionews.com.br\/acervo-correio\/index.php?rest_route=\/wp\/v2\/posts\/200924\/revisions\/200927"}],"wp:featuredmedia":[{"embeddable":true,"href":"https:\/\/www.ocorreionews.com.br\/acervo-correio\/index.php?rest_route=\/wp\/v2\/media\/200926"}],"wp:attachment":[{"href":"https:\/\/www.ocorreionews.com.br\/acervo-correio\/index.php?rest_route=%2Fwp%2Fv2%2Fmedia&parent=200924"}],"wp:term":[{"taxonomy":"category","embeddable":true,"href":"https:\/\/www.ocorreionews.com.br\/acervo-correio\/index.php?rest_route=%2Fwp%2Fv2%2Fcategories&post=200924"},{"taxonomy":"post_tag","embeddable":true,"href":"https:\/\/www.ocorreionews.com.br\/acervo-correio\/index.php?rest_route=%2Fwp%2Fv2%2Ftags&post=200924"}],"curies":[{"name":"wp","href":"https:\/\/api.w.org\/{rel}","templated":true}]}}