{"id":200971,"date":"2022-03-15T07:00:30","date_gmt":"2022-03-15T11:00:30","guid":{"rendered":"https:\/\/www.ocorreionews.com.br\/acervo-correio\/?p=200971"},"modified":"2022-03-15T08:28:41","modified_gmt":"2022-03-15T12:28:41","slug":"chapadao-do-sul-recebeu-viatura-para-policiamento-rural","status":"publish","type":"post","link":"https:\/\/www.ocorreionews.com.br\/acervo-correio\/?p=200971","title":{"rendered":"Chapad\u00e3o do Sul recebeu viatura para Policiamento Rural"},"content":{"rendered":"<p>Refer\u00eancia nacional em seguran\u00e7a p\u00fablica, Mato Grosso do Sul lan\u00e7ou nesta segunda-feira (14) mais um programa de prote\u00e7\u00e3o aos cidad\u00e3os. Desta vez, o p\u00fablico-alvo \u00e9 o homem do campo. Para inibir roubos e furtos em propriedades rurais, o Governo do Estado e a Pol\u00edcia Militar apresentaram o programa \u201c<b>Campo Mais Seguro &#8211; Policiamento Rural<\/b>\u201d, que oferece um sistema de preven\u00e7\u00e3o criminal com uso de monitoramento georreferenciado no Estado.<\/p>\n<p>O munic\u00edpio de Chapad\u00e3o do Sul foi contemplado com uma viatura. O presidente do Conselho Municipal de Seguran\u00e7a Anselmo Sebim, Darci Boff\u00a0 (AMPASUL), e o comando da CIA PM de Chapad\u00e3o, receberam o veiculo do Governador.<\/p>\n<p data-uw-styling-context=\"true\"><span data-uw-styling-context=\"true\">Policiais militares foram treinados e capacitados para atuar no patrulhamento rural em todos os biomas de Mato Grosso do Sul, do Pantanal ao Cerrado.\u00a0 Eles v\u00e3o operar um sistema que possui aplicativo espec\u00edfico onde ser\u00e3o cadastradas as propriedades rurais. Em caso de a\u00e7\u00e3o criminosa, a Pol\u00edcia Militar ter\u00e1 agilidade no envio de viaturas aos pontos sens\u00edveis.<\/span><\/p>\n<p data-uw-styling-context=\"true\">No lan\u00e7amento do programa, realizado na Famasul (Federa\u00e7\u00e3o da Agricultura e Pecu\u00e1ria do Estado), o governador Reinaldo Azambuja falou da import\u00e2ncia da sensa\u00e7\u00e3o de seguran\u00e7a no campo. \u201cTemos um Estado que se modernizou muito. O agroneg\u00f3cio tem crescido, principalmente com novos equipamentos e tecnologias, sistemas digitalizados, m\u00e1quinas com piloto autom\u00e1tico e antenas digitais de GPS. Tudo isso desperta o olhar do crime. Ent\u00e3o, treinar e ter uma equipe especializada para monitorar essa situa\u00e7\u00e3o diminui a press\u00e3o dos roubos no campo\u201d, disse.<\/p>\n<p data-uw-styling-context=\"true\"><span data-uw-styling-context=\"true\">O secret\u00e1rio de Justi\u00e7a e Seguran\u00e7a P\u00fablica, Ant\u00f4nio Carlos Videira, explicou que o cadastramento \u00e9 fundamental para o funcionamento do programa. \u201cMato Grosso do Sul est\u00e1 ampliando a seguran\u00e7a no campo nas formas preventiva e repressiva, com o cadastramento de propriedades, maquin\u00e1rios, implementos e trabalhadores. Tudo ser\u00e1 rastreado atrav\u00e9s da tecnologia embarcada nas viaturas para que a gente continue sendo refer\u00eancia nacional em seguran\u00e7a p\u00fablica\u201d, pontuou.<\/span><\/p>\n<p data-uw-styling-context=\"true\">\u201cO meio rural \u00e9 caracterizado por grandes dist\u00e2ncias e um relativo isolamento. Com isso, muitas propriedades tornam-se alvos f\u00e1ceis de quadrilhas especializadas em roubo de gado e maquin\u00e1rios agr\u00edcolas. Por isso \u00e9 fundamental desenvolver um projeto com base em tecnologia de comunica\u00e7\u00e3o para garantir paz no campo. O produtor rural precisa de salvaguardas eficientes para garantir sua sobreviv\u00eancia e a tranquilidade de suas fam\u00edlias\u201d, afirmou o secret\u00e1rio de Infraestrutura, Eduardo Riedel.<\/p>\n<p data-uw-styling-context=\"true\">\n<p data-uw-styling-context=\"true\">\n<p data-uw-styling-context=\"true\">As informa\u00e7\u00f5es s\u00e3o do Di\u00e1rio Online<\/p>\n","protected":false},"excerpt":{"rendered":"<p>Refer\u00eancia nacional em seguran\u00e7a p\u00fablica, Mato Grosso do Sul lan\u00e7ou nesta segunda-feira (14) mais um programa de prote\u00e7\u00e3o aos cidad\u00e3os. Desta vez, o p\u00fablico-alvo \u00e9 o homem do campo. Para inibir roubos e furtos em propriedades rurais, o Governo do Estado e a Pol\u00edcia Militar apresentaram o programa \u201cCampo Mais Seguro &#8211; Policiamento Rural\u201d, que [&hellip;]<\/p>\n","protected":false},"author":4,"featured_media":200998,"comment_status":"closed","ping_status":"closed","sticky":false,"template":"","format":"standard","meta":{"footnotes":""},"categories":[23,38],"tags":[],"class_list":["post-200971","post","type-post","status-publish","format-standard","has-post-thumbnail","hentry","category-chapadao-do-sul","category-policia"],"_links":{"self":[{"href":"https:\/\/www.ocorreionews.com.br\/acervo-correio\/index.php?rest_route=\/wp\/v2\/posts\/200971","targetHints":{"allow":["GET"]}}],"collection":[{"href":"https:\/\/www.ocorreionews.com.br\/acervo-correio\/index.php?rest_route=\/wp\/v2\/posts"}],"about":[{"href":"https:\/\/www.ocorreionews.com.br\/acervo-correio\/index.php?rest_route=\/wp\/v2\/types\/post"}],"author":[{"embeddable":true,"href":"https:\/\/www.ocorreionews.com.br\/acervo-correio\/index.php?rest_route=\/wp\/v2\/users\/4"}],"replies":[{"embeddable":true,"href":"https:\/\/www.ocorreionews.com.br\/acervo-correio\/index.php?rest_route=%2Fwp%2Fv2%2Fcomments&post=200971"}],"version-history":[{"count":1,"href":"https:\/\/www.ocorreionews.com.br\/acervo-correio\/index.php?rest_route=\/wp\/v2\/posts\/200971\/revisions"}],"predecessor-version":[{"id":201025,"href":"https:\/\/www.ocorreionews.com.br\/acervo-correio\/index.php?rest_route=\/wp\/v2\/posts\/200971\/revisions\/201025"}],"wp:featuredmedia":[{"embeddable":true,"href":"https:\/\/www.ocorreionews.com.br\/acervo-correio\/index.php?rest_route=\/wp\/v2\/media\/200998"}],"wp:attachment":[{"href":"https:\/\/www.ocorreionews.com.br\/acervo-correio\/index.php?rest_route=%2Fwp%2Fv2%2Fmedia&parent=200971"}],"wp:term":[{"taxonomy":"category","embeddable":true,"href":"https:\/\/www.ocorreionews.com.br\/acervo-correio\/index.php?rest_route=%2Fwp%2Fv2%2Fcategories&post=200971"},{"taxonomy":"post_tag","embeddable":true,"href":"https:\/\/www.ocorreionews.com.br\/acervo-correio\/index.php?rest_route=%2Fwp%2Fv2%2Ftags&post=200971"}],"curies":[{"name":"wp","href":"https:\/\/api.w.org\/{rel}","templated":true}]}}