{"id":201008,"date":"2022-03-15T07:36:32","date_gmt":"2022-03-15T11:36:32","guid":{"rendered":"https:\/\/www.ocorreionews.com.br\/acervo-correio\/?p=201008"},"modified":"2022-03-15T07:36:32","modified_gmt":"2022-03-15T11:36:32","slug":"bancario-de-30-anos-tem-pulmao-perfurado-por-uso-de-cigarro-eletronico","status":"publish","type":"post","link":"https:\/\/www.ocorreionews.com.br\/acervo-correio\/?p=201008","title":{"rendered":"BANC\u00c1RIO DE 30 ANOS TEM PULM\u00c3O PERFURADO POR USO DE CIGARRO ELETR\u00d4NICO"},"content":{"rendered":"<div class=\"cxmmr5t8 oygrvhab hcukyx3x c1et5uql o9v6fnle ii04i59q\">\n<div dir=\"auto\">O banc\u00e1rio Allan Douglas, de 30 anos, fez um alerta nas redes sociais sobre o consumo de cigarros eletr\u00f4nicos, tamb\u00e9m conhecidos como vapers. De acordo com o morador de Manaus, o pulm\u00e3o dele foi perfurado ap\u00f3s alguns dias intensificando o uso do dispositivo eletr\u00f4nico durante uma viagem de f\u00e9rias ao Rio de Janeiro.<\/div>\n<\/div>\n<div class=\"cxmmr5t8 oygrvhab hcukyx3x c1et5uql o9v6fnle ii04i59q\">\n<div dir=\"auto\">Em uma rede social, Allan disse que precisou ficar internado em um hospital manauara e pediu que seus seguidores \u2013 quase 26 mil \u2013 avisassem aos amigos sobre os riscos envolvidos no uso de cigarros eletr\u00f4nicos.<\/div>\n<\/div>\n<div class=\"cxmmr5t8 oygrvhab hcukyx3x c1et5uql o9v6fnle ii04i59q\">\n<div dir=\"auto\">Em entrevista ao jornal O Globo, o rapaz contou que vinha usando cigarros eletr\u00f4nicos h\u00e1 cincos meses, mas apenas esporadicamente. Em f\u00e9rias no Rio de Janeiro, ele passou a fumar todos os dias durante duas semanas.<\/div>\n<\/div>\n<div class=\"cxmmr5t8 oygrvhab hcukyx3x c1et5uql o9v6fnle ii04i59q\">\n<div dir=\"auto\">\u201cEu apenas fazia uso em sa\u00eddas com os amigos, mas como n\u00e3o estava trabalhando, usei todos os dias, principalmente na praia. N\u00e3o costumava tragar, apenas aspirar. Acredito que seja muito importante discutir isso amplamente porque cada um tem um organismo e existe o risco\u201d, afirmou em entrevista.<\/div>\n<\/div>\n<div class=\"cxmmr5t8 oygrvhab hcukyx3x c1et5uql o9v6fnle ii04i59q\">\n<div dir=\"auto\">Ap\u00f3s 11 dias, o banc\u00e1rio recebeu alta. A venda de cigarros eletr\u00f4nicos n\u00e3o \u00e9 permitida no Brasil. Em 2019, ap\u00f3s uma onda de casos nos Estados Unidos, o Centro de Controle e Preven\u00e7\u00e3o de Doen\u00e7as dos Estados Unidos criou o nome Evali para designar uma doen\u00e7a pulmonar associada ao uso do dispositivo<\/div>\n<\/div>\n<div class=\"cxmmr5t8 oygrvhab hcukyx3x c1et5uql o9v6fnle ii04i59q\">\n<div dir=\"auto\">Pesquisas j\u00e1 mostraram que as bact\u00e9rias que, naturalmente, existem no pulm\u00e3o se tornam mais nocivas causando mais inflama\u00e7\u00f5es quando s\u00e3o expostas ao vapor do cigarro eletr\u00f4nico. Essa situa\u00e7\u00e3o pode levar a doen\u00e7as como a DPOC, doen\u00e7a pulmonar obstrutiva cr\u00f4nica, e asma.<\/div>\n<\/div>\n<div class=\"cxmmr5t8 oygrvhab hcukyx3x c1et5uql o9v6fnle ii04i59q\">\n<div dir=\"auto\">Fonte: Metr\u00f3poles<\/div>\n<\/div>\n","protected":false},"excerpt":{"rendered":"<p>O banc\u00e1rio Allan Douglas, de 30 anos, fez um alerta nas redes sociais sobre o consumo de cigarros eletr\u00f4nicos, tamb\u00e9m conhecidos como vapers. De acordo com o morador de Manaus, o pulm\u00e3o dele foi perfurado ap\u00f3s alguns dias intensificando o uso do dispositivo eletr\u00f4nico durante uma viagem de f\u00e9rias ao Rio de Janeiro. Em uma [&hellip;]<\/p>\n","protected":false},"author":4,"featured_media":201009,"comment_status":"closed","ping_status":"closed","sticky":false,"template":"","format":"standard","meta":{"footnotes":""},"categories":[38,39],"tags":[],"class_list":["post-201008","post","type-post","status-publish","format-standard","has-post-thumbnail","hentry","category-policia","category-saude"],"_links":{"self":[{"href":"https:\/\/www.ocorreionews.com.br\/acervo-correio\/index.php?rest_route=\/wp\/v2\/posts\/201008","targetHints":{"allow":["GET"]}}],"collection":[{"href":"https:\/\/www.ocorreionews.com.br\/acervo-correio\/index.php?rest_route=\/wp\/v2\/posts"}],"about":[{"href":"https:\/\/www.ocorreionews.com.br\/acervo-correio\/index.php?rest_route=\/wp\/v2\/types\/post"}],"author":[{"embeddable":true,"href":"https:\/\/www.ocorreionews.com.br\/acervo-correio\/index.php?rest_route=\/wp\/v2\/users\/4"}],"replies":[{"embeddable":true,"href":"https:\/\/www.ocorreionews.com.br\/acervo-correio\/index.php?rest_route=%2Fwp%2Fv2%2Fcomments&post=201008"}],"version-history":[{"count":1,"href":"https:\/\/www.ocorreionews.com.br\/acervo-correio\/index.php?rest_route=\/wp\/v2\/posts\/201008\/revisions"}],"predecessor-version":[{"id":201011,"href":"https:\/\/www.ocorreionews.com.br\/acervo-correio\/index.php?rest_route=\/wp\/v2\/posts\/201008\/revisions\/201011"}],"wp:featuredmedia":[{"embeddable":true,"href":"https:\/\/www.ocorreionews.com.br\/acervo-correio\/index.php?rest_route=\/wp\/v2\/media\/201009"}],"wp:attachment":[{"href":"https:\/\/www.ocorreionews.com.br\/acervo-correio\/index.php?rest_route=%2Fwp%2Fv2%2Fmedia&parent=201008"}],"wp:term":[{"taxonomy":"category","embeddable":true,"href":"https:\/\/www.ocorreionews.com.br\/acervo-correio\/index.php?rest_route=%2Fwp%2Fv2%2Fcategories&post=201008"},{"taxonomy":"post_tag","embeddable":true,"href":"https:\/\/www.ocorreionews.com.br\/acervo-correio\/index.php?rest_route=%2Fwp%2Fv2%2Ftags&post=201008"}],"curies":[{"name":"wp","href":"https:\/\/api.w.org\/{rel}","templated":true}]}}