{"id":201012,"date":"2022-03-15T07:43:15","date_gmt":"2022-03-15T11:43:15","guid":{"rendered":"https:\/\/www.ocorreionews.com.br\/acervo-correio\/?p=201012"},"modified":"2022-03-15T08:24:40","modified_gmt":"2022-03-15T12:24:40","slug":"motorista-morre-preso-nas-ferragens-apos-colisao-entre-carretas-na-br-158","status":"publish","type":"post","link":"https:\/\/www.ocorreionews.com.br\/acervo-correio\/?p=201012","title":{"rendered":"Motorista morre preso nas ferragens ap\u00f3s colis\u00e3o entre carretas na BR-158"},"content":{"rendered":"<p>Marcos Pereira Fontes de 49 anos, morreu na noite dessa segunda-feira (14), em um acidente na BR-158 em Parana\u00edba \u00a0ap\u00f3s a colis\u00e3o entre duas carretas.<\/p>\n<div id=\"taboola-mid-article\" class=\"d-print-none my-3\"><\/div>\n<p>O acidente aconteceu por volta das 21h40 da noite dessa segunda (14), quando Marcos seguia com a carreta carregada de soja no sentido Cassil\u00e2ndia &#8211; Parana\u00edba quando no Km 62 teve uma batida contra outra carreta que vinha no sentido oposto que era conduzido por um motorista de 35 anos.<\/p>\n<p>Com a batida, o caminh\u00e3o conduzido por Marcos foi parar em meio a vegeta\u00e7\u00e3o \u00e0s margens da rodovia. O outro motorista\u00a0 negou ter desviado dos buracos e invadido a pista contr\u00e1ria, a carreta da v\u00edtima. Mas, ap\u00f3s a colis\u00e3o a carreta do outo motorista foi parar\u00a0 a uma dist\u00e2ncia de 1.300 metros, aproximadamente do local do acidente, sendo que ele alegou medo de agress\u00e3o no local.<\/p>\n<p>&nbsp;<\/p>\n<p>Por Midiamax<\/p>\n","protected":false},"excerpt":{"rendered":"<p>Marcos Pereira Fontes de 49 anos, morreu na noite dessa segunda-feira (14), em um acidente na BR-158 em Parana\u00edba \u00a0ap\u00f3s a colis\u00e3o entre duas carretas. O acidente aconteceu por volta das 21h40 da noite dessa segunda (14), quando Marcos seguia com a carreta carregada de soja no sentido Cassil\u00e2ndia &#8211; Parana\u00edba quando no Km 62 [&hellip;]<\/p>\n","protected":false},"author":4,"featured_media":201013,"comment_status":"closed","ping_status":"closed","sticky":false,"template":"","format":"standard","meta":{"footnotes":""},"categories":[38],"tags":[],"class_list":["post-201012","post","type-post","status-publish","format-standard","has-post-thumbnail","hentry","category-policia"],"_links":{"self":[{"href":"https:\/\/www.ocorreionews.com.br\/acervo-correio\/index.php?rest_route=\/wp\/v2\/posts\/201012","targetHints":{"allow":["GET"]}}],"collection":[{"href":"https:\/\/www.ocorreionews.com.br\/acervo-correio\/index.php?rest_route=\/wp\/v2\/posts"}],"about":[{"href":"https:\/\/www.ocorreionews.com.br\/acervo-correio\/index.php?rest_route=\/wp\/v2\/types\/post"}],"author":[{"embeddable":true,"href":"https:\/\/www.ocorreionews.com.br\/acervo-correio\/index.php?rest_route=\/wp\/v2\/users\/4"}],"replies":[{"embeddable":true,"href":"https:\/\/www.ocorreionews.com.br\/acervo-correio\/index.php?rest_route=%2Fwp%2Fv2%2Fcomments&post=201012"}],"version-history":[{"count":1,"href":"https:\/\/www.ocorreionews.com.br\/acervo-correio\/index.php?rest_route=\/wp\/v2\/posts\/201012\/revisions"}],"predecessor-version":[{"id":201014,"href":"https:\/\/www.ocorreionews.com.br\/acervo-correio\/index.php?rest_route=\/wp\/v2\/posts\/201012\/revisions\/201014"}],"wp:featuredmedia":[{"embeddable":true,"href":"https:\/\/www.ocorreionews.com.br\/acervo-correio\/index.php?rest_route=\/wp\/v2\/media\/201013"}],"wp:attachment":[{"href":"https:\/\/www.ocorreionews.com.br\/acervo-correio\/index.php?rest_route=%2Fwp%2Fv2%2Fmedia&parent=201012"}],"wp:term":[{"taxonomy":"category","embeddable":true,"href":"https:\/\/www.ocorreionews.com.br\/acervo-correio\/index.php?rest_route=%2Fwp%2Fv2%2Fcategories&post=201012"},{"taxonomy":"post_tag","embeddable":true,"href":"https:\/\/www.ocorreionews.com.br\/acervo-correio\/index.php?rest_route=%2Fwp%2Fv2%2Ftags&post=201012"}],"curies":[{"name":"wp","href":"https:\/\/api.w.org\/{rel}","templated":true}]}}