{"id":201015,"date":"2022-03-15T08:05:01","date_gmt":"2022-03-15T12:05:01","guid":{"rendered":"https:\/\/www.ocorreionews.com.br\/acervo-correio\/?p=201015"},"modified":"2022-03-15T08:12:28","modified_gmt":"2022-03-15T12:12:28","slug":"primeira-dama-agradece-a-camara-de-vereadores-pela-homenagem-ao-dia-da-mulher","status":"publish","type":"post","link":"https:\/\/www.ocorreionews.com.br\/acervo-correio\/?p=201015","title":{"rendered":"Primeira Dama agradece a C\u00e2mara de Vereadores pela Homenagem ao Dia da Mulher"},"content":{"rendered":"<p style=\"font-weight: 400;\">No dia 07 de mar\u00e7o foi realizada no Conviver, a Sess\u00e3o Solene em Homenagem ao Dia da Mulher, pela C\u00e2mara de Vereadores de Chapad\u00e3o do Sul. Ao todo, mais de 140 mulheres sul-chapadenses foram parabenizadas pelos edis de Chapad\u00e3o do Sul.<\/p>\n<p style=\"font-weight: 400;\">Entre as homenageadas estava a Primeira Dama de Chapad\u00e3o do Sul e secret\u00e1ria de Assist\u00eancia Social, Maria das Dores, que n\u00e3o pode estar presente no evento, e em seu lugar convidou sua filha, Pascalle Zocal Krug Matsumoto, para ser sua representante no ato.<\/p>\n<p style=\"font-weight: 400;\">Maria das Dores parabenizou o Legislativo Municipal pela a\u00e7\u00e3o que valorizou as mulheres de Chapad\u00e3o do Sul. \u201c\u00c9 muito gratificante receber essa homenagem. Fico muito feliz por esse grande evento, mesmo n\u00e3o podendo estar presente, minha filha me representou e foi um momento maravilhoso para nossa fam\u00edlia. Parab\u00e9ns aos idealizadores.<\/p>\n<p style=\"font-weight: 400;\">Entre as homenageadas tamb\u00e9m estavam a esposa do vice-prefeito, Elisabete Ganga Buzoli e a secret\u00e1ria de Governo, Agnes Miler. A lista completa pode ser acessada\u00a0<a href=\"http:\/\/www.camarachapadaodosul.ms.gov.br\/noticia\/sessao-solene-homenageia-mulheres-de-chapadao-do-sul\">clicando aqui.<\/a><\/p>\n<p>&nbsp;<\/p>\n<p>*Assessoria<\/p>\n","protected":false},"excerpt":{"rendered":"<p>No dia 07 de mar\u00e7o foi realizada no Conviver, a Sess\u00e3o Solene em Homenagem ao Dia da Mulher, pela C\u00e2mara de Vereadores de Chapad\u00e3o do Sul. Ao todo, mais de 140 mulheres sul-chapadenses foram parabenizadas pelos edis de Chapad\u00e3o do Sul. Entre as homenageadas estava a Primeira Dama de Chapad\u00e3o do Sul e secret\u00e1ria de [&hellip;]<\/p>\n","protected":false},"author":5,"featured_media":200355,"comment_status":"closed","ping_status":"closed","sticky":false,"template":"","format":"standard","meta":{"footnotes":""},"categories":[23],"tags":[],"class_list":["post-201015","post","type-post","status-publish","format-standard","has-post-thumbnail","hentry","category-chapadao-do-sul"],"_links":{"self":[{"href":"https:\/\/www.ocorreionews.com.br\/acervo-correio\/index.php?rest_route=\/wp\/v2\/posts\/201015","targetHints":{"allow":["GET"]}}],"collection":[{"href":"https:\/\/www.ocorreionews.com.br\/acervo-correio\/index.php?rest_route=\/wp\/v2\/posts"}],"about":[{"href":"https:\/\/www.ocorreionews.com.br\/acervo-correio\/index.php?rest_route=\/wp\/v2\/types\/post"}],"author":[{"embeddable":true,"href":"https:\/\/www.ocorreionews.com.br\/acervo-correio\/index.php?rest_route=\/wp\/v2\/users\/5"}],"replies":[{"embeddable":true,"href":"https:\/\/www.ocorreionews.com.br\/acervo-correio\/index.php?rest_route=%2Fwp%2Fv2%2Fcomments&post=201015"}],"version-history":[{"count":1,"href":"https:\/\/www.ocorreionews.com.br\/acervo-correio\/index.php?rest_route=\/wp\/v2\/posts\/201015\/revisions"}],"predecessor-version":[{"id":201022,"href":"https:\/\/www.ocorreionews.com.br\/acervo-correio\/index.php?rest_route=\/wp\/v2\/posts\/201015\/revisions\/201022"}],"wp:featuredmedia":[{"embeddable":true,"href":"https:\/\/www.ocorreionews.com.br\/acervo-correio\/index.php?rest_route=\/wp\/v2\/media\/200355"}],"wp:attachment":[{"href":"https:\/\/www.ocorreionews.com.br\/acervo-correio\/index.php?rest_route=%2Fwp%2Fv2%2Fmedia&parent=201015"}],"wp:term":[{"taxonomy":"category","embeddable":true,"href":"https:\/\/www.ocorreionews.com.br\/acervo-correio\/index.php?rest_route=%2Fwp%2Fv2%2Fcategories&post=201015"},{"taxonomy":"post_tag","embeddable":true,"href":"https:\/\/www.ocorreionews.com.br\/acervo-correio\/index.php?rest_route=%2Fwp%2Fv2%2Ftags&post=201015"}],"curies":[{"name":"wp","href":"https:\/\/api.w.org\/{rel}","templated":true}]}}