{"id":201023,"date":"2022-03-15T08:47:07","date_gmt":"2022-03-15T12:47:07","guid":{"rendered":"https:\/\/www.ocorreionews.com.br\/acervo-correio\/?p=201023"},"modified":"2022-03-15T08:47:07","modified_gmt":"2022-03-15T12:47:07","slug":"crianca-filma-o-proprio-abuso-e-avo-de-64-anos-e-preso-como-principal-suspeito-em-paranaiba","status":"publish","type":"post","link":"https:\/\/www.ocorreionews.com.br\/acervo-correio\/?p=201023","title":{"rendered":"Crian\u00e7a filma o pr\u00f3prio abuso e av\u00f4 de 64 anos \u00e9 preso como principal suspeito em Parana\u00edba"},"content":{"rendered":"<p>Idoso de 64 anos foi preso na noite desta segunda-feira (14) suspeito de abusar da neta, de 9 anos, durante cinco meses, em Parana\u00edba, distante 408 km de Campo Grande. A pris\u00e3o foi realizada pela DAM (Delegacia de Atendimento \u00e0 Mulher), cumprindo mandado de pris\u00e3o preventiva. O idoso abusava da neta desde setembro de 2021.<\/p>\n<p>Em depoimento especial a crian\u00e7a relatou como os abusos aconteciam e at\u00e9 um v\u00eddeo, gravado pela crian\u00e7a, foi apreendido. Nas imagens, que n\u00e3o ser\u00e3o divulgadas para n\u00e3o expor a menina, segundo a pol\u00edcia, \u00e9 poss\u00edvel ver um homem apalpando o corpo dela.<\/p>\n<p>Segundo o relato da crian\u00e7a, ela j\u00e1 havia contado sobre os abusos para a esposa do av\u00f4, mas a mulher n\u00e3o procurou as autoridades policiais. Depois de outra den\u00fancia, a pol\u00edcia investigou o caso, ouviu a crian\u00e7a e testemunhas, e prendeu o homem.<\/p>\n<p>Por Ana Oshiro &#8211;\u00a0 CAMPO GRANDE NEWS<\/p>\n<p>&nbsp;<\/p>\n","protected":false},"excerpt":{"rendered":"<p>Idoso de 64 anos foi preso na noite desta segunda-feira (14) suspeito de abusar da neta, de 9 anos, durante cinco meses, em Parana\u00edba, distante 408 km de Campo Grande. A pris\u00e3o foi realizada pela DAM (Delegacia de Atendimento \u00e0 Mulher), cumprindo mandado de pris\u00e3o preventiva. O idoso abusava da neta desde setembro de 2021. [&hellip;]<\/p>\n","protected":false},"author":5,"featured_media":149096,"comment_status":"closed","ping_status":"closed","sticky":false,"template":"","format":"standard","meta":{"footnotes":""},"categories":[38],"tags":[],"class_list":["post-201023","post","type-post","status-publish","format-standard","has-post-thumbnail","hentry","category-policia"],"_links":{"self":[{"href":"https:\/\/www.ocorreionews.com.br\/acervo-correio\/index.php?rest_route=\/wp\/v2\/posts\/201023","targetHints":{"allow":["GET"]}}],"collection":[{"href":"https:\/\/www.ocorreionews.com.br\/acervo-correio\/index.php?rest_route=\/wp\/v2\/posts"}],"about":[{"href":"https:\/\/www.ocorreionews.com.br\/acervo-correio\/index.php?rest_route=\/wp\/v2\/types\/post"}],"author":[{"embeddable":true,"href":"https:\/\/www.ocorreionews.com.br\/acervo-correio\/index.php?rest_route=\/wp\/v2\/users\/5"}],"replies":[{"embeddable":true,"href":"https:\/\/www.ocorreionews.com.br\/acervo-correio\/index.php?rest_route=%2Fwp%2Fv2%2Fcomments&post=201023"}],"version-history":[{"count":1,"href":"https:\/\/www.ocorreionews.com.br\/acervo-correio\/index.php?rest_route=\/wp\/v2\/posts\/201023\/revisions"}],"predecessor-version":[{"id":201027,"href":"https:\/\/www.ocorreionews.com.br\/acervo-correio\/index.php?rest_route=\/wp\/v2\/posts\/201023\/revisions\/201027"}],"wp:featuredmedia":[{"embeddable":true,"href":"https:\/\/www.ocorreionews.com.br\/acervo-correio\/index.php?rest_route=\/wp\/v2\/media\/149096"}],"wp:attachment":[{"href":"https:\/\/www.ocorreionews.com.br\/acervo-correio\/index.php?rest_route=%2Fwp%2Fv2%2Fmedia&parent=201023"}],"wp:term":[{"taxonomy":"category","embeddable":true,"href":"https:\/\/www.ocorreionews.com.br\/acervo-correio\/index.php?rest_route=%2Fwp%2Fv2%2Fcategories&post=201023"},{"taxonomy":"post_tag","embeddable":true,"href":"https:\/\/www.ocorreionews.com.br\/acervo-correio\/index.php?rest_route=%2Fwp%2Fv2%2Ftags&post=201023"}],"curies":[{"name":"wp","href":"https:\/\/api.w.org\/{rel}","templated":true}]}}