{"id":201306,"date":"2022-03-17T16:07:36","date_gmt":"2022-03-17T20:07:36","guid":{"rendered":"https:\/\/www.ocorreionews.com.br\/acervo-correio\/?p=201306"},"modified":"2022-03-17T16:10:35","modified_gmt":"2022-03-17T20:10:35","slug":"consultorio-cardio-pulmonar-especializado-em-fisioterapia-cardiovascular-e-respiratoria-esta-em-novo-endereco","status":"publish","type":"post","link":"https:\/\/www.ocorreionews.com.br\/acervo-correio\/?p=201306","title":{"rendered":"Consult\u00f3rio Cardio Pulmonar especializado em fisioterapia Cardiovascular e Respirat\u00f3ria est\u00e1 em novo endere\u00e7o"},"content":{"rendered":"<p>Consult\u00f3rio\u00a0Cardio Pulmonar especializado em fisioterapia Cardiovascular e Respirat\u00f3ria agora est\u00e1 novo endere\u00e7o para melhor atender seus pacientes e agora conta com Pilates e Est\u00e9tica como novidade.<\/p>\n<p>O novo endere\u00e7o est\u00e1 localizado na Rua Vinte e Um, n\u00famero 456, Centro de Chapad\u00e3o do Sul e telefone (67)99611-1197.<\/p>\n<p><strong>CONSULT\u00d3RIO\u00a0CARDIO PULMONAR<\/strong><\/p>\n<p>Em Chapad\u00e3o do Sul, no consult\u00f3rio CARDIOPULMONAR voc\u00ea pode realizar avalia\u00e7\u00e3o de tosse, an\u00e1lise das for\u00e7as musculares inspirat\u00f3rias e expirat\u00f3rias, tratamento com equipamentos para aumentar a mobilidade tor\u00e1cica e par\u00eanquima pulmonar. No consult\u00f3rio tamb\u00e9m aplica-se exerc\u00edcios em vias a\u00e9reas superiores, exerc\u00edcios de fortalecimento abdominal e diafragm\u00e1tico, sempre associados ao incremento volum\u00e9trico.<\/p>\n<p>Nos quadros cl\u00ednicos de P\u00d3S-COVID 19 s\u00e3o encontradas altera\u00e7\u00f5es pulmonares, entre elas, modifica\u00e7\u00f5es vasculares, que ocasionam importante d\u00e9ficit de oxigena\u00e7\u00e3o, \u00e1reas de inflama\u00e7\u00e3o, atelectasias residuais e at\u00e9 fibroses, tamb\u00e9m podem ser identificadas consequ\u00eancias card\u00edacas, como arritmias, taquicardia persistente e bradicardia.<\/p>\n<p>Na reabilita\u00e7\u00e3o, s\u00e3o realizados exerc\u00edcios com aumento da capacidade pulmonar, minimiza\u00e7\u00e3o de \u00e1reas fibrosadas, flexibiliza\u00e7\u00e3o de t\u00f3rax, oxigena\u00e7\u00e3o global, atividades funcionais, exerc\u00edcios cardiovasculares, aer\u00f3bicos associados ao treino de resist\u00eancia, propriocep\u00e7\u00e3o em vias a\u00e9reas superiores e exerc\u00edcios contra resist\u00eancia expirat\u00f3ria.<\/p>\n<p>A Fisioterapia promove tamb\u00e9m direcionamento para pacientes com quadro de p\u00f3s-infarto agudo do mioc\u00e1rdio, p\u00f3s-cirurgia de revasculariza\u00e7\u00e3o mioc\u00e1rdica ou troca de v\u00e1lvulas card\u00edacas, portadores de insufici\u00eancia card\u00edaca, cardiopatias cong\u00eanitas, para m\u00faltiplos fatores de risco cardiovascular, entre eles (hereditariedade, tabagismo, colesterol alto, diabetes, hipertens\u00e3o, entre outros).<\/p>\n<ul>\n<li>Indicada aos pacientes com doen\u00e7as pulmonares: enfisema, asma, bronquite cr\u00f4nica, bronquiolite, rinite, fibrose pulmonar, pneumonia, broncopneumonia, s\u00edndrome de dificuldade respirat\u00f3ria aguda, gripe, doen\u00e7a vascular pulmonar.<\/li>\n<li>Recomendado em casos de dist\u00farbios respirat\u00f3rios do sono.<\/li>\n<li>Indicado para pacientes com Esclerose Lateral Amiotr\u00f3fica, Parkinson, Paraplegia, AVE, Autismo, S\u00edndrome de Guillain-Barr\u00e9, entre outras patologias neurol\u00f3gicas.<\/li>\n<li>Indicado para todas as pessoas que, ap\u00f3s avalia\u00e7\u00e3o, necessitarem de um programa que contemple da mobilidade precoce, melhora de sua capacidade funcional, restaura\u00e7\u00e3o da coordena\u00e7\u00e3o motora, do equil\u00edbrio, da for\u00e7a e dos movimentos.<\/li>\n<\/ul>\n<p><strong>Rua Vinte e Um, n\u00famero 456, Centro de Chapad\u00e3o do Sul e telefone (67)99611-1197.<\/strong><\/p>\n<p><a href=\"https:\/\/www.ocorreionews.com.br\/acervo-correio\/wp-content\/uploads\/2022\/03\/Cardio-Pulmonar.jpg\"><img loading=\"lazy\" decoding=\"async\" class=\"alignnone size-full wp-image-201307\" src=\"https:\/\/www.ocorreionews.com.br\/acervo-correio\/wp-content\/uploads\/2022\/03\/Cardio-Pulmonar.jpg\" alt=\"\" width=\"670\" height=\"375\" srcset=\"https:\/\/www.ocorreionews.com.br\/acervo-correio\/wp-content\/uploads\/2022\/03\/Cardio-Pulmonar.jpg 670w, https:\/\/www.ocorreionews.com.br\/acervo-correio\/wp-content\/uploads\/2022\/03\/Cardio-Pulmonar-300x168.jpg 300w\" sizes=\"auto, (max-width: 670px) 100vw, 670px\" \/><\/a><\/p>\n","protected":false},"excerpt":{"rendered":"<p>Consult\u00f3rio\u00a0Cardio Pulmonar especializado em fisioterapia Cardiovascular e Respirat\u00f3ria agora est\u00e1 novo endere\u00e7o para melhor atender seus pacientes e agora conta com Pilates e Est\u00e9tica como novidade. O novo endere\u00e7o est\u00e1 localizado na Rua Vinte e Um, n\u00famero 456, Centro de Chapad\u00e3o do Sul e telefone (67)99611-1197. CONSULT\u00d3RIO\u00a0CARDIO PULMONAR Em Chapad\u00e3o do Sul, no consult\u00f3rio CARDIOPULMONAR [&hellip;]<\/p>\n","protected":false},"author":5,"featured_media":201307,"comment_status":"closed","ping_status":"closed","sticky":false,"template":"","format":"standard","meta":{"footnotes":""},"categories":[23,41],"tags":[],"class_list":["post-201306","post","type-post","status-publish","format-standard","has-post-thumbnail","hentry","category-chapadao-do-sul","category-destaque"],"_links":{"self":[{"href":"https:\/\/www.ocorreionews.com.br\/acervo-correio\/index.php?rest_route=\/wp\/v2\/posts\/201306","targetHints":{"allow":["GET"]}}],"collection":[{"href":"https:\/\/www.ocorreionews.com.br\/acervo-correio\/index.php?rest_route=\/wp\/v2\/posts"}],"about":[{"href":"https:\/\/www.ocorreionews.com.br\/acervo-correio\/index.php?rest_route=\/wp\/v2\/types\/post"}],"author":[{"embeddable":true,"href":"https:\/\/www.ocorreionews.com.br\/acervo-correio\/index.php?rest_route=\/wp\/v2\/users\/5"}],"replies":[{"embeddable":true,"href":"https:\/\/www.ocorreionews.com.br\/acervo-correio\/index.php?rest_route=%2Fwp%2Fv2%2Fcomments&post=201306"}],"version-history":[{"count":1,"href":"https:\/\/www.ocorreionews.com.br\/acervo-correio\/index.php?rest_route=\/wp\/v2\/posts\/201306\/revisions"}],"predecessor-version":[{"id":201309,"href":"https:\/\/www.ocorreionews.com.br\/acervo-correio\/index.php?rest_route=\/wp\/v2\/posts\/201306\/revisions\/201309"}],"wp:featuredmedia":[{"embeddable":true,"href":"https:\/\/www.ocorreionews.com.br\/acervo-correio\/index.php?rest_route=\/wp\/v2\/media\/201307"}],"wp:attachment":[{"href":"https:\/\/www.ocorreionews.com.br\/acervo-correio\/index.php?rest_route=%2Fwp%2Fv2%2Fmedia&parent=201306"}],"wp:term":[{"taxonomy":"category","embeddable":true,"href":"https:\/\/www.ocorreionews.com.br\/acervo-correio\/index.php?rest_route=%2Fwp%2Fv2%2Fcategories&post=201306"},{"taxonomy":"post_tag","embeddable":true,"href":"https:\/\/www.ocorreionews.com.br\/acervo-correio\/index.php?rest_route=%2Fwp%2Fv2%2Ftags&post=201306"}],"curies":[{"name":"wp","href":"https:\/\/api.w.org\/{rel}","templated":true}]}}