{"id":201310,"date":"2022-03-17T16:16:28","date_gmt":"2022-03-17T20:16:28","guid":{"rendered":"https:\/\/www.ocorreionews.com.br\/acervo-correio\/?p=201310"},"modified":"2022-03-17T16:16:28","modified_gmt":"2022-03-17T20:16:28","slug":"costa-rica-convoca-mais-42-professores-aprovados-no-processo-seletivo-para-lotacao","status":"publish","type":"post","link":"https:\/\/www.ocorreionews.com.br\/acervo-correio\/?p=201310","title":{"rendered":"Costa Rica convoca mais 42 professores aprovados no processo seletivo para lota\u00e7\u00e3o"},"content":{"rendered":"<div class=\"ntc_cont_descricao_noticia sw_txteditor\">O Munic\u00edpio de Costa Rica, atrav\u00e9s da SEMED (Secretaria Municipal de Educa\u00e7\u00e3o) est\u00e1 convocando para lota\u00e7\u00e3o outros 42 professores do quadro tempor\u00e1rio aprovados no Processo Seletivo Simplificado N\u00ba 001.H\/2020, de 27 de janeiro de 2021. As convoca\u00e7\u00f5es foram feitas por meio do edital n\u00ba 11\/2022 e pela Resolu\u00e7\u00e3o\/Semed n\u00ba. 5.551, respectivamente, obedecendo a ordem de classifica\u00e7\u00e3o e n\u00famero de vagas e foram publicadas na edi\u00e7\u00e3o n\u00ba 3125 do Di\u00e1rio Oficial Online desta ter\u00e7a-feira (15).<\/p>\n<p>As convoca\u00e7\u00f5es fundamentam-se na Lei n\u00ba. 9.394, de 20 de dezembro de 1996, na Resolu\u00e7\u00e3o CNE\/CEB n\u00ba.7, de 14 de dezembro de 2010, na Legisla\u00e7\u00e3o vigente para o Sistema Estadual de Ensino de Mato Grosso do Sul e Legisla\u00e7\u00e3o Municipal, conforme classifica\u00e7\u00e3o do Processo Seletivo Simplificado descrita no Edital n.1.H\/2020 &#8211; SEMED de 27 de janeiro de 2021 &#8211; Resultado Final, prorrogado por mais um ano por meio do Decreto n. 4.831 de 27 de janeiro de 2022.<\/p>\n<p>Conforme destaca secret\u00e1ria municipal interina de Educa\u00e7\u00e3o, Ang\u00e9lica Moraes Clemente, a lota\u00e7\u00e3o ser\u00e1 realizada na modalidade presencial, conforme orienta\u00e7\u00e3o realizada por liga\u00e7\u00e3o telef\u00f4nica.<\/p>\n<p>Os convocados para lota\u00e7\u00e3o presencial dever\u00e3o comparecer no Audit\u00f3rio Professora Edna Maria Jacinto da Silva na SEMED, localizado na Rua Jos\u00e9 Pereira da Silva, n\u00ba 650 \u2013 Centro, para fins de lota\u00e7\u00e3o, de acordo com o descrito no edital.<\/p>\n<p>Vale ressaltar que dever\u00e3o ser observadas as medidas de biosseguran\u00e7a por conta da Covid-19.<\/p>\n<p>Confira os nomes convocados por meio do processo seletivo:<\/p>\n<p><strong>ENSINO FUNDAMENTAL \u2013 ANOS INICIAIS<\/strong><\/p>\n<p><strong>CARGO: PROFESSOR DE ENSINO FUNDAMENTAL \u2013 ANOS INICIAIS<\/strong><\/p>\n<p>IRENE RODRIGUES FERREIRA<br \/>\nMARIA SOLEDADE DOS SANTOS OSTEMBERG<br \/>\nJAQUELINE BATISTA GARCIA CORREA<br \/>\nEDINEIA RODRIGUES DOS SANTOS<br \/>\nELIANE DA SILVA TRINDADE<br \/>\nMICHELE SUASSUNA DALTO<br \/>\nHISMAYLLA FERNANDA FLORENCIO DE SOUZA<br \/>\nFABIANA DIAS CASTANHO<br \/>\nEDINA D\u2019ARC DE OLIVEIRA<br \/>\nMAIANY CARVALHO MARTINS<br \/>\nROGERIA AMORIM DE MORAIS<br \/>\nELIANA REGINA OLIVEIRA REZENDE<br \/>\nERICA GARCIA DE MENEZES<br \/>\nSTEFANI DEBORA SUAREZ FACA<br \/>\nSIRLENE FERREIRA MARTINS DE SA<br \/>\nLARA LIMA VINHAL<br \/>\nANNA CLENIA FERREIRA ARAUJO MOREIRA<\/p>\n<p><strong>EDUCA\u00c7\u00c3O INFANTIL<\/strong><\/p>\n<p><strong>CARGO: PROFESSOR DE EDUCA\u00c7\u00c3O INFANTIL<\/strong><\/p>\n<p>JOSELAINE GONCALVES AMORIM<br \/>\nANDREA SOARES DE OLIVEIRA DOMINGOS<br \/>\nCYNTHIA KARINA QUEIROZ CARVALHO OVIDIO<br \/>\nKELLY CRISTINA DE ALMEIDA FARIAS<br \/>\nCLEIA MARTINS DA SILVA<br \/>\nELIANA REGINA OLIVEIRA REZENDE<br \/>\nIRENILDA TEODORO DE CARVALHO<br \/>\nERICA GARCIA DE MENEZES<br \/>\nMARGARIDA JUSTINO DE MELO<br \/>\nMARINALZA ROSA DE OLIVEIRA<br \/>\nROSIMAR CASTRO LOPES<br \/>\nCRISLAINE MILAYNE DOS SANTOS SILVA<\/p>\n<p><strong>ENSINO FUNDAMENTAL ANOS FINAIS<\/strong><\/p>\n<p><strong>ENSINO FUNDAMENTAL ANOS FINAIS \u2013 MATEM\u00c1TICA<\/strong><\/p>\n<p>JACKSON ROGERIO HAYAMASHIDA<br \/>\nANA CAROLINA ROSA RODRIGUES DE FREITAS<\/p>\n<p><strong>ENSINO FUNDAMENTAL ANOS FINAIS \u2013 HIST\u00d3RIA<\/strong><\/p>\n<p>KATIANE LINS DE OLIVEIRA<br \/>\nFABIANA DIAS CASTANHO<br \/>\nJEANE VASCONCELOS DA CRUZ<br \/>\nADRIANA RAMOS FIGUEIREDO PECKELHOFF<br \/>\nNATHANY MENEZES DE LIMA FERREIRA<br \/>\nEZIO FERREIRA LOPES<br \/>\nFAGNER GOMES DA SILVA<\/p>\n<p><strong>ENSINO FUNDAMENTAL ANOS FINAIS \u2013 GEOGRAFIA<\/strong><\/p>\n<p>MYLENA STRIEDER OLIVEIRO<br \/>\nCRISTIANE CORREA NUNES<br \/>\nENIR LIMA DA SILVA<br \/>\nJOSE AILSON CAVALCANTE NOLASCO<\/p><\/div>\n<p>&nbsp;<\/p>\n<p>&nbsp;<\/p>\n<div class=\"ntc_cont_descricao_noticia sw_txteditor\">\n<\/div>\n<div class=\"ntc_area_info_noticia sw_lato\">\n<div>\n<div class=\"ntc_info_noticia\"><strong class=\"sw_lato_black\">Fonte: <\/strong>Assessoria de Comunica\u00e7\u00e3o &#8211; PMCR, <strong class=\"sw_lato_black\">\u00a0<\/strong>Silvestre de Castro<\/div>\n<\/div>\n<\/div>\n","protected":false},"excerpt":{"rendered":"<p>O Munic\u00edpio de Costa Rica, atrav\u00e9s da SEMED (Secretaria Municipal de Educa\u00e7\u00e3o) est\u00e1 convocando para lota\u00e7\u00e3o outros 42 professores do quadro tempor\u00e1rio aprovados no Processo Seletivo Simplificado N\u00ba 001.H\/2020, de 27 de janeiro de 2021. As convoca\u00e7\u00f5es foram feitas por meio do edital n\u00ba 11\/2022 e pela Resolu\u00e7\u00e3o\/Semed n\u00ba. 5.551, respectivamente, obedecendo a ordem de [&hellip;]<\/p>\n","protected":false},"author":5,"featured_media":201312,"comment_status":"closed","ping_status":"closed","sticky":false,"template":"","format":"standard","meta":{"footnotes":""},"categories":[25],"tags":[],"class_list":["post-201310","post","type-post","status-publish","format-standard","has-post-thumbnail","hentry","category-costa-rica"],"_links":{"self":[{"href":"https:\/\/www.ocorreionews.com.br\/acervo-correio\/index.php?rest_route=\/wp\/v2\/posts\/201310","targetHints":{"allow":["GET"]}}],"collection":[{"href":"https:\/\/www.ocorreionews.com.br\/acervo-correio\/index.php?rest_route=\/wp\/v2\/posts"}],"about":[{"href":"https:\/\/www.ocorreionews.com.br\/acervo-correio\/index.php?rest_route=\/wp\/v2\/types\/post"}],"author":[{"embeddable":true,"href":"https:\/\/www.ocorreionews.com.br\/acervo-correio\/index.php?rest_route=\/wp\/v2\/users\/5"}],"replies":[{"embeddable":true,"href":"https:\/\/www.ocorreionews.com.br\/acervo-correio\/index.php?rest_route=%2Fwp%2Fv2%2Fcomments&post=201310"}],"version-history":[{"count":1,"href":"https:\/\/www.ocorreionews.com.br\/acervo-correio\/index.php?rest_route=\/wp\/v2\/posts\/201310\/revisions"}],"predecessor-version":[{"id":201313,"href":"https:\/\/www.ocorreionews.com.br\/acervo-correio\/index.php?rest_route=\/wp\/v2\/posts\/201310\/revisions\/201313"}],"wp:featuredmedia":[{"embeddable":true,"href":"https:\/\/www.ocorreionews.com.br\/acervo-correio\/index.php?rest_route=\/wp\/v2\/media\/201312"}],"wp:attachment":[{"href":"https:\/\/www.ocorreionews.com.br\/acervo-correio\/index.php?rest_route=%2Fwp%2Fv2%2Fmedia&parent=201310"}],"wp:term":[{"taxonomy":"category","embeddable":true,"href":"https:\/\/www.ocorreionews.com.br\/acervo-correio\/index.php?rest_route=%2Fwp%2Fv2%2Fcategories&post=201310"},{"taxonomy":"post_tag","embeddable":true,"href":"https:\/\/www.ocorreionews.com.br\/acervo-correio\/index.php?rest_route=%2Fwp%2Fv2%2Ftags&post=201310"}],"curies":[{"name":"wp","href":"https:\/\/api.w.org\/{rel}","templated":true}]}}