{"id":201311,"date":"2022-03-17T16:00:39","date_gmt":"2022-03-17T20:00:39","guid":{"rendered":"https:\/\/www.ocorreionews.com.br\/acervo-correio\/?p=201311"},"modified":"2022-03-17T16:26:52","modified_gmt":"2022-03-17T20:26:52","slug":"projeto-de-revitalizacao-da-feira-do-produtor-e-pauta-de-reuniao-entre-prefeitura-e-camara-de-vereadores","status":"publish","type":"post","link":"https:\/\/www.ocorreionews.com.br\/acervo-correio\/?p=201311","title":{"rendered":"Projeto de revitaliza\u00e7\u00e3o da Feira do Produtor \u00e9 pauta de reuni\u00e3o entre Prefeitura e C\u00e2mara de Vereadores"},"content":{"rendered":"<div class=\"ntc_cont_descricao_noticia sw_txteditor\">\n<div>\n<p>A apresenta\u00e7\u00e3o do projeto de reforma e amplia\u00e7\u00e3o da Feira do Produtor de Costa Rica foi pauta de uma reuni\u00e3o realizada nesta quinta-feira (17), entre a Prefeitura Municipal e a C\u00e2mara de Vereadores.<\/p>\n<p>Dois projetos iniciais de revitaliza\u00e7\u00e3o, desenvolvidos pelo Departamento de Engenharia da Secretaria Municipal de Obras P\u00fablicas, foram apresentados ao prefeito Cleverson Alves dos Santos, \u00e0 presidente da Casa de Leis, professora mestre Manuelina Martins da Silva Arantes Cabral, e aos vereadores, Juvenaldo Francisco dos Santos, Ailton Martins de Amorim, Averaldo Barbosa, Rayner Moraes, Adair Tiago, Evaldo Paulino e Everaldo dos Santos.<\/p>\n<p>\u201c\u00c9 um projeto moderno e fundamental para aquecer a economia, que promete trazer mais qualidade para os feirantes comercializarem seus produtos em um espa\u00e7o adequado, bem como para as pessoas que frequentam o local e poder\u00e3o desfrutar de uma pra\u00e7a de alimenta\u00e7\u00e3o e apresenta\u00e7\u00f5es culturais, al\u00e9m de prestigiar o pequeno produtor rural\u201d, destaca o prefeito.<\/p>\n<p>Ap\u00f3s avaliarem as propostas, que contemplam espa\u00e7os para a fam\u00edlia, lazer, cultura e trabalho, o 2\u00ba projeto apresentado foi aprovado por unanimidade entre os representantes do Executivo e Legislativo. A proposta prev\u00ea cerca de 50 boxes, pra\u00e7a de alimenta\u00e7\u00e3o coberta, novo sistema de ilumina\u00e7\u00e3o, novos sanit\u00e1rios destinados ao p\u00fablico feminino e masculino, ambos com acessibilidade para pessoas com defici\u00eancia \u2013 PcD, palco para apresenta\u00e7\u00e3o cultural, al\u00e9m do p\u00f3rtico de entrada e paisagismo no local.<\/p>\n<p>Outro ponto discutido foi a perman\u00eancia da Feira do Produtor na avenida Jos\u00e9 Francisco da Silva ou que o mesmo projeto seja executado em outro espa\u00e7o. \u201cComo a estrutura atual precisa ser completamente refeita, h\u00e1 a op\u00e7\u00e3o de construir em um outro espa\u00e7o ainda mais amplo, em outro ponto da cidade, o que poderia incluir at\u00e9 estacionamento pr\u00f3prio\u201d destaca o engenheiro Emanuel Santos.<\/p>\n<p>Para auxiliar na tomada da decis\u00e3o, a Prefeitura e a C\u00e2mara Municipal lan\u00e7aram em seus portais oficiais uma enquete a ser respondida por toda a popula\u00e7\u00e3o costarriquense. Basta acessar o link clicando <a href=\"https:\/\/www.questionpro.com\/a\/TakeSurvey?tt=%2BkQYvm%2BVfZQ%3D\">aqui<\/a> e responder o questionamento.<\/p>\n<p>Al\u00e9m da pesquisa de opini\u00e3o online, no dia 12 de abril ser\u00e1 realizada uma Audi\u00eancia P\u00fablica, na C\u00e2mara Municipal para discutir o tema com toda a comunidade.<\/p>\n<p>\u201cAcreditando na participa\u00e7\u00e3o p\u00fablica na tomada de decis\u00f5es, queremos ouvir a popula\u00e7\u00e3o, sugest\u00f5es e cr\u00edticas acerca da localiza\u00e7\u00e3o da nossa Feira do Produtor, um local tradicionalmente frequentado pela fam\u00edlia costarriquense\u201d, completou a presidente da C\u00e2mara.<\/p>\n<\/div>\n<\/div>\n<p>&nbsp;<\/p>\n<p><img decoding=\"async\" class=\"imgcentraliza\" src=\"https:\/\/www.costarica.ms.gov.br\/fotos\/87a370be0e37798f3b7af12e54084afd.jpg\" alt=\"Foto Noticia Principal Grande\" \/><\/p>\n<div class=\"ntc_area_info_noticia sw_lato\">\n<div>\n<div class=\"ntc_info_noticia\"><strong class=\"sw_lato_black\">Fonte: <\/strong>Assessoria de Comunica\u00e7\u00e3o<\/div>\n<\/div>\n<\/div>\n","protected":false},"excerpt":{"rendered":"<p>A apresenta\u00e7\u00e3o do projeto de reforma e amplia\u00e7\u00e3o da Feira do Produtor de Costa Rica foi pauta de uma reuni\u00e3o realizada nesta quinta-feira (17), entre a Prefeitura Municipal e a C\u00e2mara de Vereadores. Dois projetos iniciais de revitaliza\u00e7\u00e3o, desenvolvidos pelo Departamento de Engenharia da Secretaria Municipal de Obras P\u00fablicas, foram apresentados ao prefeito Cleverson Alves [&hellip;]<\/p>\n","protected":false},"author":5,"featured_media":201314,"comment_status":"closed","ping_status":"closed","sticky":false,"template":"","format":"standard","meta":{"footnotes":""},"categories":[25,41],"tags":[],"class_list":["post-201311","post","type-post","status-publish","format-standard","has-post-thumbnail","hentry","category-costa-rica","category-destaque"],"_links":{"self":[{"href":"https:\/\/www.ocorreionews.com.br\/acervo-correio\/index.php?rest_route=\/wp\/v2\/posts\/201311","targetHints":{"allow":["GET"]}}],"collection":[{"href":"https:\/\/www.ocorreionews.com.br\/acervo-correio\/index.php?rest_route=\/wp\/v2\/posts"}],"about":[{"href":"https:\/\/www.ocorreionews.com.br\/acervo-correio\/index.php?rest_route=\/wp\/v2\/types\/post"}],"author":[{"embeddable":true,"href":"https:\/\/www.ocorreionews.com.br\/acervo-correio\/index.php?rest_route=\/wp\/v2\/users\/5"}],"replies":[{"embeddable":true,"href":"https:\/\/www.ocorreionews.com.br\/acervo-correio\/index.php?rest_route=%2Fwp%2Fv2%2Fcomments&post=201311"}],"version-history":[{"count":1,"href":"https:\/\/www.ocorreionews.com.br\/acervo-correio\/index.php?rest_route=\/wp\/v2\/posts\/201311\/revisions"}],"predecessor-version":[{"id":201316,"href":"https:\/\/www.ocorreionews.com.br\/acervo-correio\/index.php?rest_route=\/wp\/v2\/posts\/201311\/revisions\/201316"}],"wp:featuredmedia":[{"embeddable":true,"href":"https:\/\/www.ocorreionews.com.br\/acervo-correio\/index.php?rest_route=\/wp\/v2\/media\/201314"}],"wp:attachment":[{"href":"https:\/\/www.ocorreionews.com.br\/acervo-correio\/index.php?rest_route=%2Fwp%2Fv2%2Fmedia&parent=201311"}],"wp:term":[{"taxonomy":"category","embeddable":true,"href":"https:\/\/www.ocorreionews.com.br\/acervo-correio\/index.php?rest_route=%2Fwp%2Fv2%2Fcategories&post=201311"},{"taxonomy":"post_tag","embeddable":true,"href":"https:\/\/www.ocorreionews.com.br\/acervo-correio\/index.php?rest_route=%2Fwp%2Fv2%2Ftags&post=201311"}],"curies":[{"name":"wp","href":"https:\/\/api.w.org\/{rel}","templated":true}]}}