{"id":201320,"date":"2022-03-18T07:14:27","date_gmt":"2022-03-18T11:14:27","guid":{"rendered":"https:\/\/www.ocorreionews.com.br\/acervo-correio\/?p=201320"},"modified":"2022-03-18T07:59:04","modified_gmt":"2022-03-18T11:59:04","slug":"falta-de-sinalizacao-e-iluminacao","status":"publish","type":"post","link":"https:\/\/www.ocorreionews.com.br\/acervo-correio\/?p=201320","title":{"rendered":"Falta de sinaliza\u00e7\u00e3o e ilumina\u00e7\u00e3o foram as causas do acidente na BR 060 em Chapad\u00e3o do Sul"},"content":{"rendered":"<p>Mais um motorista perdeu o controle de dire\u00e7\u00e3o e capotou na trai\u00e7oeira Rotat\u00f3ria da Fazenda Campo Bom (Atual SLC) na BR-060, na noite desta quinta-feira, entre Chapad\u00e3o do Sul \/ Chapad\u00e3o do C\u00e9u (GO). Ao longo dos anos carretas com gado, gr\u00e3os, su\u00ednos e outras cargas tombaram neste ponto cujo tra\u00e7ado parece n\u00e3o ter tido o acabamento correto al\u00e9m de ser mal iluminado.<\/p>\n<p>Condutores de outras cidades que n\u00e3o est\u00e3o habituados com a rodovia podem ter problemas se estiverem com velocidade acima da permitida. A v\u00edtima de 29 anos estava consciente e orientada quando o Corpo de Bombeiros chegou no local. Apresentava dor no ombro e costelas lado direito. Saiu de Chapec\u00f3 (SC) com destino a Mineiros (GO).<\/p>\n<p><a href=\"https:\/\/www.ocorreionews.com.br\/acervo-correio\/wp-content\/uploads\/2022\/03\/acidente-trewvo-pantaal2.jpg\"><img loading=\"lazy\" decoding=\"async\" class=\"alignnone size-full wp-image-201322\" src=\"https:\/\/www.ocorreionews.com.br\/acervo-correio\/wp-content\/uploads\/2022\/03\/acidente-trewvo-pantaal2.jpg\" alt=\"\" width=\"1599\" height=\"1200\" srcset=\"https:\/\/www.ocorreionews.com.br\/acervo-correio\/wp-content\/uploads\/2022\/03\/acidente-trewvo-pantaal2.jpg 1599w, https:\/\/www.ocorreionews.com.br\/acervo-correio\/wp-content\/uploads\/2022\/03\/acidente-trewvo-pantaal2-300x225.jpg 300w, https:\/\/www.ocorreionews.com.br\/acervo-correio\/wp-content\/uploads\/2022\/03\/acidente-trewvo-pantaal2-1024x768.jpg 1024w, https:\/\/www.ocorreionews.com.br\/acervo-correio\/wp-content\/uploads\/2022\/03\/acidente-trewvo-pantaal2-768x576.jpg 768w, https:\/\/www.ocorreionews.com.br\/acervo-correio\/wp-content\/uploads\/2022\/03\/acidente-trewvo-pantaal2-1536x1153.jpg 1536w, https:\/\/www.ocorreionews.com.br\/acervo-correio\/wp-content\/uploads\/2022\/03\/acidente-trewvo-pantaal2-86x64.jpg 86w\" sizes=\"auto, (max-width: 1599px) 100vw, 1599px\" \/><\/a><\/p>\n<p>Chapadensenews<\/p>\n","protected":false},"excerpt":{"rendered":"<p>Mais um motorista perdeu o controle de dire\u00e7\u00e3o e capotou na trai\u00e7oeira Rotat\u00f3ria da Fazenda Campo Bom (Atual SLC) na BR-060, na noite desta quinta-feira, entre Chapad\u00e3o do Sul \/ Chapad\u00e3o do C\u00e9u (GO). Ao longo dos anos carretas com gado, gr\u00e3os, su\u00ednos e outras cargas tombaram neste ponto cujo tra\u00e7ado parece n\u00e3o ter tido [&hellip;]<\/p>\n","protected":false},"author":4,"featured_media":201321,"comment_status":"closed","ping_status":"closed","sticky":false,"template":"","format":"standard","meta":{"footnotes":""},"categories":[38],"tags":[],"class_list":["post-201320","post","type-post","status-publish","format-standard","has-post-thumbnail","hentry","category-policia"],"_links":{"self":[{"href":"https:\/\/www.ocorreionews.com.br\/acervo-correio\/index.php?rest_route=\/wp\/v2\/posts\/201320","targetHints":{"allow":["GET"]}}],"collection":[{"href":"https:\/\/www.ocorreionews.com.br\/acervo-correio\/index.php?rest_route=\/wp\/v2\/posts"}],"about":[{"href":"https:\/\/www.ocorreionews.com.br\/acervo-correio\/index.php?rest_route=\/wp\/v2\/types\/post"}],"author":[{"embeddable":true,"href":"https:\/\/www.ocorreionews.com.br\/acervo-correio\/index.php?rest_route=\/wp\/v2\/users\/4"}],"replies":[{"embeddable":true,"href":"https:\/\/www.ocorreionews.com.br\/acervo-correio\/index.php?rest_route=%2Fwp%2Fv2%2Fcomments&post=201320"}],"version-history":[{"count":1,"href":"https:\/\/www.ocorreionews.com.br\/acervo-correio\/index.php?rest_route=\/wp\/v2\/posts\/201320\/revisions"}],"predecessor-version":[{"id":201334,"href":"https:\/\/www.ocorreionews.com.br\/acervo-correio\/index.php?rest_route=\/wp\/v2\/posts\/201320\/revisions\/201334"}],"wp:featuredmedia":[{"embeddable":true,"href":"https:\/\/www.ocorreionews.com.br\/acervo-correio\/index.php?rest_route=\/wp\/v2\/media\/201321"}],"wp:attachment":[{"href":"https:\/\/www.ocorreionews.com.br\/acervo-correio\/index.php?rest_route=%2Fwp%2Fv2%2Fmedia&parent=201320"}],"wp:term":[{"taxonomy":"category","embeddable":true,"href":"https:\/\/www.ocorreionews.com.br\/acervo-correio\/index.php?rest_route=%2Fwp%2Fv2%2Fcategories&post=201320"},{"taxonomy":"post_tag","embeddable":true,"href":"https:\/\/www.ocorreionews.com.br\/acervo-correio\/index.php?rest_route=%2Fwp%2Fv2%2Ftags&post=201320"}],"curies":[{"name":"wp","href":"https:\/\/api.w.org\/{rel}","templated":true}]}}