{"id":201714,"date":"2022-03-22T07:10:18","date_gmt":"2022-03-22T11:10:18","guid":{"rendered":"https:\/\/www.ocorreionews.com.br\/acervo-correio\/?p=201714"},"modified":"2022-03-22T08:45:29","modified_gmt":"2022-03-22T12:45:29","slug":"prefeito-joao-carlos-krug-precisamos-investir-mais-no-ingles-nos-nossos-alunos","status":"publish","type":"post","link":"https:\/\/www.ocorreionews.com.br\/acervo-correio\/?p=201714","title":{"rendered":"Prefeito Jo\u00e3o Carlos Krug \u201cprecisamos investir mais no Ingl\u00eas nos nossos alunos\u201d"},"content":{"rendered":"<p>Na tarde desta segunda-feira (21), o prefeito municipal de Chapad\u00e3o do SulJ o\u00e3o Carlos Krug, reuniu se em seu gabinete com a imprensa local para fazer uma avalia\u00e7\u00e3o sobre a sua viagem\u00a0 a convite do Sebrae MS,\u00a0 na comitiva de prefeitos e empres\u00e1rios que participaram da Expo Dubai , feira mundial de neg\u00f3cios em Dubai, nos Emirados \u00c1rabes Unidos.<\/p>\n<p>Krug destacou a supera\u00e7\u00e3o dos \u00c1rabes, na organiza\u00e7\u00e3o, planejamento e a sustentabilidade da economia, com investimento na alta tecnologia futur\u00edstica, voltada para a Energia el\u00e9trica fotovoltaica, transporte mar\u00edtimo, urbano e abastecimento de \u00e1gua pot\u00e1vel.<\/p>\n<p>Durante a sua participa\u00e7\u00e3o na feira, Krug afirmou que os \u00c1rabes reclamaram muito da falta do conhecimento da l\u00edngua Inglesas, por parte dos brasileiros, o que prejudica o relacionamento e at\u00e9 poss\u00edveis investimentos no Pa\u00eds.<\/p>\n<p>Baseado neste fato, o prefeito Jo\u00e3o Carlos Krug, afirmou que voltou determinado a fazer um investimento no ensino da l\u00edngua inglesa na rede municipal de ensino, onde j\u00e1 determinou ao Secret\u00e1rio de Educa\u00e7\u00e3o Guerino P\u00e9rius, para reunir com os professores de Ingl\u00eas e fomentar o n\u00edvel desta disciplina nas escolas p\u00fablicas<\/p>\n<p>A feira \u00e9 realizada a cada cinco anos e nesta edi\u00e7\u00e3o participaram 194 pa\u00edses, sendo que o estande do Brasil foi o quinto mais visitado, por onde passaram aproximadamente 30 mil pessoas.<\/p>\n","protected":false},"excerpt":{"rendered":"<p>Na tarde desta segunda-feira (21), o prefeito municipal de Chapad\u00e3o do SulJ o\u00e3o Carlos Krug, reuniu se em seu gabinete com a imprensa local para fazer uma avalia\u00e7\u00e3o sobre a sua viagem\u00a0 a convite do Sebrae MS,\u00a0 na comitiva de prefeitos e empres\u00e1rios que participaram da Expo Dubai , feira mundial de neg\u00f3cios em Dubai, [&hellip;]<\/p>\n","protected":false},"author":4,"featured_media":201715,"comment_status":"closed","ping_status":"closed","sticky":false,"template":"","format":"standard","meta":{"footnotes":""},"categories":[23,41],"tags":[],"class_list":["post-201714","post","type-post","status-publish","format-standard","has-post-thumbnail","hentry","category-chapadao-do-sul","category-destaque"],"_links":{"self":[{"href":"https:\/\/www.ocorreionews.com.br\/acervo-correio\/index.php?rest_route=\/wp\/v2\/posts\/201714","targetHints":{"allow":["GET"]}}],"collection":[{"href":"https:\/\/www.ocorreionews.com.br\/acervo-correio\/index.php?rest_route=\/wp\/v2\/posts"}],"about":[{"href":"https:\/\/www.ocorreionews.com.br\/acervo-correio\/index.php?rest_route=\/wp\/v2\/types\/post"}],"author":[{"embeddable":true,"href":"https:\/\/www.ocorreionews.com.br\/acervo-correio\/index.php?rest_route=\/wp\/v2\/users\/4"}],"replies":[{"embeddable":true,"href":"https:\/\/www.ocorreionews.com.br\/acervo-correio\/index.php?rest_route=%2Fwp%2Fv2%2Fcomments&post=201714"}],"version-history":[{"count":1,"href":"https:\/\/www.ocorreionews.com.br\/acervo-correio\/index.php?rest_route=\/wp\/v2\/posts\/201714\/revisions"}],"predecessor-version":[{"id":201747,"href":"https:\/\/www.ocorreionews.com.br\/acervo-correio\/index.php?rest_route=\/wp\/v2\/posts\/201714\/revisions\/201747"}],"wp:featuredmedia":[{"embeddable":true,"href":"https:\/\/www.ocorreionews.com.br\/acervo-correio\/index.php?rest_route=\/wp\/v2\/media\/201715"}],"wp:attachment":[{"href":"https:\/\/www.ocorreionews.com.br\/acervo-correio\/index.php?rest_route=%2Fwp%2Fv2%2Fmedia&parent=201714"}],"wp:term":[{"taxonomy":"category","embeddable":true,"href":"https:\/\/www.ocorreionews.com.br\/acervo-correio\/index.php?rest_route=%2Fwp%2Fv2%2Fcategories&post=201714"},{"taxonomy":"post_tag","embeddable":true,"href":"https:\/\/www.ocorreionews.com.br\/acervo-correio\/index.php?rest_route=%2Fwp%2Fv2%2Ftags&post=201714"}],"curies":[{"name":"wp","href":"https:\/\/api.w.org\/{rel}","templated":true}]}}