{"id":201734,"date":"2022-03-22T08:20:14","date_gmt":"2022-03-22T12:20:14","guid":{"rendered":"https:\/\/www.ocorreionews.com.br\/acervo-correio\/?p=201734"},"modified":"2022-03-22T08:20:14","modified_gmt":"2022-03-22T12:20:14","slug":"secretario-eduardo-riedel-se-compromete-em-buscar-solucoes-para-a-br-060","status":"publish","type":"post","link":"https:\/\/www.ocorreionews.com.br\/acervo-correio\/?p=201734","title":{"rendered":"Secret\u00e1rio Eduardo Riedel se compromete em buscar solu\u00e7\u00f5es para a BR 060"},"content":{"rendered":"<p>O Presidente da C\u00e2mara de Chapad\u00e3o do Sul, Vereador Andr\u00e9 dos Anjos, esteve juntamente com o Vereador Al\u00edrio Bacca, na cidade de Alcin\u00f3polis, onde participaram do lan\u00e7amento do Programa Acelera Alcin\u00f3polis, o evento contou com a presen\u00e7a de in\u00fameras autoridades, entre elas o Secret\u00e1rio de Estado de Infraestrutura, Eduardo Correa Riedel, que ao fim do evento conversou com os vereadores de Chapad\u00e3o do Sul sobre a situa\u00e7\u00e3o da BR 060.<\/p>\n<p><img decoding=\"async\" class=\"fancybox-image aligncenter\" src=\"http:\/\/www.camarachapadaodosul.ms.gov.br\/uploads\/asset\/file\/5022\/normal_08.jpg\" alt=\"\" \/><\/p>\n<p>Indagado sobre como o estado poderia auxiliar nesta situa\u00e7\u00e3o, o Secret\u00e1rio se comprometeu em buscar apoio tanto no estado como no Governo Federal, de forma que alguma medida seja tomada de forma imediata, o Deputado Paulo Correa tamb\u00e9m participou da conversa e sugeriu uma reuni\u00e3o na Assembleia Legislativa com todos os Deputados Estaduais e com os prefeitos da regi\u00e3o, para que juntos busquem uma solu\u00e7\u00e3o para a BR 060.<\/p>\n<p>Segundo o Presidente da C\u00e2mara Andr\u00e9 dos Anjos, embora n\u00e3o seja de compet\u00eancia do estado, o apoio do Secret\u00e1rio \u00e9 de suma import\u00e2ncia para que seja alcan\u00e7ado o objetivo almejado. Andr\u00e9 dos Anjos, frisou que est\u00e1 empenhado em resolver o problema da BR 060 e que est\u00e1 buscando apoio de todos os lados e em todas as esferas.<\/p>\n<p><img decoding=\"async\" class=\"fancybox-image aligncenter\" src=\"http:\/\/www.camarachapadaodosul.ms.gov.br\/uploads\/asset\/file\/5024\/normal_12.jpg\" alt=\"\" \/><\/p>\n<p>&nbsp;<\/p>\n<p>*Assessoria C\u00e2mara<\/p>\n","protected":false},"excerpt":{"rendered":"<p>O Presidente da C\u00e2mara de Chapad\u00e3o do Sul, Vereador Andr\u00e9 dos Anjos, esteve juntamente com o Vereador Al\u00edrio Bacca, na cidade de Alcin\u00f3polis, onde participaram do lan\u00e7amento do Programa Acelera Alcin\u00f3polis, o evento contou com a presen\u00e7a de in\u00fameras autoridades, entre elas o Secret\u00e1rio de Estado de Infraestrutura, Eduardo Correa Riedel, que ao fim do [&hellip;]<\/p>\n","protected":false},"author":5,"featured_media":201736,"comment_status":"closed","ping_status":"closed","sticky":false,"template":"","format":"standard","meta":{"footnotes":""},"categories":[41,37],"tags":[],"class_list":["post-201734","post","type-post","status-publish","format-standard","has-post-thumbnail","hentry","category-destaque","category-politica"],"_links":{"self":[{"href":"https:\/\/www.ocorreionews.com.br\/acervo-correio\/index.php?rest_route=\/wp\/v2\/posts\/201734","targetHints":{"allow":["GET"]}}],"collection":[{"href":"https:\/\/www.ocorreionews.com.br\/acervo-correio\/index.php?rest_route=\/wp\/v2\/posts"}],"about":[{"href":"https:\/\/www.ocorreionews.com.br\/acervo-correio\/index.php?rest_route=\/wp\/v2\/types\/post"}],"author":[{"embeddable":true,"href":"https:\/\/www.ocorreionews.com.br\/acervo-correio\/index.php?rest_route=\/wp\/v2\/users\/5"}],"replies":[{"embeddable":true,"href":"https:\/\/www.ocorreionews.com.br\/acervo-correio\/index.php?rest_route=%2Fwp%2Fv2%2Fcomments&post=201734"}],"version-history":[{"count":1,"href":"https:\/\/www.ocorreionews.com.br\/acervo-correio\/index.php?rest_route=\/wp\/v2\/posts\/201734\/revisions"}],"predecessor-version":[{"id":201738,"href":"https:\/\/www.ocorreionews.com.br\/acervo-correio\/index.php?rest_route=\/wp\/v2\/posts\/201734\/revisions\/201738"}],"wp:featuredmedia":[{"embeddable":true,"href":"https:\/\/www.ocorreionews.com.br\/acervo-correio\/index.php?rest_route=\/wp\/v2\/media\/201736"}],"wp:attachment":[{"href":"https:\/\/www.ocorreionews.com.br\/acervo-correio\/index.php?rest_route=%2Fwp%2Fv2%2Fmedia&parent=201734"}],"wp:term":[{"taxonomy":"category","embeddable":true,"href":"https:\/\/www.ocorreionews.com.br\/acervo-correio\/index.php?rest_route=%2Fwp%2Fv2%2Fcategories&post=201734"},{"taxonomy":"post_tag","embeddable":true,"href":"https:\/\/www.ocorreionews.com.br\/acervo-correio\/index.php?rest_route=%2Fwp%2Fv2%2Ftags&post=201734"}],"curies":[{"name":"wp","href":"https:\/\/api.w.org\/{rel}","templated":true}]}}